{"id":6587,"date":"2022-07-28T07:42:40","date_gmt":"2022-07-28T10:42:40","guid":{"rendered":"https:\/\/www.visionweb.com.ar\/?p=6587"},"modified":"2022-07-28T07:58:49","modified_gmt":"2022-07-28T10:58:49","slug":"buryaile-en-el-gobierno-conviven-cinco-opiniones-distintas-sobre-el-principal-sector-que-aporta-divisas-al-pais","status":"publish","type":"post","link":"https:\/\/www.visionweb.com.ar\/?p=6587","title":{"rendered":"En el Gobierno conviven cinco opiniones distintas sobre sector que aporta m\u00e1s divisas al pa\u00eds"},"content":{"rendered":"<p><em><strong>Diputados nacionales de la UCR recorrieron hoy la Exposici\u00f3n Rural 2022 en donde realizaron fuertes cr\u00edticas a la pol\u00edtica agropecuaria del gobierno. All\u00ed dialogaron con productores y representantes del sector.\u00a0<\/strong><\/em><!--more--><\/p>\n<div id=\"attachment_6588\" style=\"width: 310px\" class=\"wp-caption alignright\"><img loading=\"lazy\" decoding=\"async\" aria-describedby=\"caption-attachment-6588\" class=\"wp-image-6588 size-medium\" src=\"https:\/\/www.visionweb.com.ar\/wp-content\/uploads\/2022\/07\/DIPUTADOS-300x225.png\" alt=\"\" width=\"300\" height=\"225\" srcset=\"https:\/\/www.visionweb.com.ar\/wp-content\/uploads\/2022\/07\/DIPUTADOS-300x225.png 300w, https:\/\/www.visionweb.com.ar\/wp-content\/uploads\/2022\/07\/DIPUTADOS-320x240.png 320w, https:\/\/www.visionweb.com.ar\/wp-content\/uploads\/2022\/07\/DIPUTADOS.png 640w\" sizes=\"auto, (max-width: 300px) 100vw, 300px\" \/><p id=\"caption-attachment-6588\" class=\"wp-caption-text\"><strong><em>Los diputados Mario Negri y Ricardo Buryaile (UCR), junto al ex ministro de Agricultura Luis Miguel Etchevehere en una recorrida por Expo Rural 2022 <\/em> <\/strong><\/p><\/div>\n<p><strong>\u00a0<\/strong>Un grupo de legisladores nacionales de la coalici\u00f3n Juntos por el Cambio, de la rama radical recorrieron este jueves la 134\u00aa Edici\u00f3n de Expo rural 2022 y se reunieron con las autoridades de La Rural para analizar diferentes aspectos de la marcha econ\u00f3mica del pa\u00eds. El dolar para el campo estuvo en el cnetro de la agenda.<\/p>\n<p>Una de las primeras voces legislativas Cque se escuch\u00f3 fue la del diputado Mario Negri y consultado sobre el anuncio del gobierno sobre el dolar para el campo consider\u00f3 que son \u201cparches\u201d.<\/p>\n<p>\u201cEl gobierno no tiene un plan: te hace un programa en cuotas y por rubro. Primero te dijeron que no, pero ahora te dicen que, hasta agosto, un pedacito de lo que liquides de soja te lo doy a un d\u00f3lar, el otro 70 % d\u00e9jamelo depositado\u201d.<\/p>\n<p>\u201cLo que est\u00e1 diciendo el gobierno es \u2018no tengo una concepci\u00f3n del desarrollo productivo, sino que mi concepci\u00f3n tiene que ver con de qu\u00e9 manera me das los d\u00f3lares que yo creo que vos ten\u00e9s y que, seg\u00fan mi opini\u00f3n, esos d\u00f3lares no son tuyos, sino que se los ten\u00e9s que dar al Estado\u2019\u201d, afirm\u00f3.<\/p>\n<p>Asimismo, el jefe del bloque dijo que \u201cestamos ante un gobierno d\u00e9bil, un gobierno en default pol\u00edtico y que no puede unificar una posici\u00f3n\u201d.<\/p>\n<p>\u201cLa directora de la AFIP dijo que el mercado marginal del d\u00f3lar es el mayor desestabilizador; el Presidente ha dicho que los especuladores son los productores; la vocera presidencial dice que el mercado marginal del d\u00f3lar no existe; el ministro de agricultura est\u00e1 af\u00f3nico, no dice nada, y es el encargado de hablar del sector del campo; y Pesce, que es el encargado de la pol\u00edtica monetaria, se ha hecho cargo de la pol\u00edtica agropecuaria. As\u00ed estamos\u201d.<\/p>\n<p>\u201cCinco opiniones distintas sobre el principal sector que aporta divisas al pa\u00eds. Nos ha dado 20 mil millones de d\u00f3lares y se han esfumando entre los dedos. Desgraciadamente estamos sin rumbo\u201d, sostuvo Negri.<\/p>\n<p>Por su parte, Ricardo Buryaile, presidente de la Comisi\u00f3n de Agricultura de la C\u00e1mara de Diputados agreg\u00f3: \u201cHoy el Gobierno nos dice que nos trata igual a todos, pero es solo por 30 d\u00edas\u201d.<\/p>\n<p>Al respecto el legislador se\u00f1al\u00f3 que \u201cel an\u00e1lisis que hace el Gobierno es de neto corte especulativo respecto a la soja. El productor vende cuando necesita, lo va a hacer si necesita al precio que sea. Pero como cualquiera, va a querer retener parte del fruto de su trabajo, de sus ahorros, porque tiene que ir cumpliendo con sus obligaciones, muchas de las cuales se pagan justamente con soja\u201d.<\/p>\n<p>\u201cNo es cierto que haya 20.000 millones de d\u00f3lares sin liquidar. Hay 13.000, y de esos 13.000 los productores se llevan 3.000 y el Gobierno se queda con los otros 10.000, ya que en Argentina el productor cobra el 28 % de lo que cobra un productor de soja en otra parte del mundo, el resto se la queda toda el Estado\u201d, remarc\u00f3.<\/p>\n<p>Estuvieron presentes, adem\u00e1s, los diputados Karina Banfi, vicepresidenta del bloque; Juan Mart\u00edn, Marcela Coli, Gabriela Lena, Sebasti\u00e1n Salvador y Miguel Bazze. La comitiva fue recibida por Juan Diego Etchevehere, presidente de la SRA de Entre R\u00edos, y otros representantes del sector<strong>(VW)<\/strong>.<\/p>\n","protected":false},"excerpt":{"rendered":"<p>Diputados nacionales de la UCR recorrieron hoy la Exposici\u00f3n Rural 2022 en donde realizaron fuertes cr\u00edticas a la pol\u00edtica agropecuaria del gobierno. All\u00ed dialogaron con productores y representantes del sector.\u00a0<\/p>\n","protected":false},"author":3,"featured_media":6588,"comment_status":"closed","ping_status":"closed","sticky":false,"template":"","format":"standard","meta":{"_monsterinsights_skip_tracking":false,"_monsterinsights_sitenote_active":false,"_monsterinsights_sitenote_note":"","_monsterinsights_sitenote_category":0,"footnotes":""},"categories":[4],"tags":[1298,445,183],"class_list":["post-6587","post","type-post","status-publish","format-standard","has-post-thumbnail","hentry","category-politica","tag-dolar","tag-gobierno","tag-rural"],"_links":{"self":[{"href":"https:\/\/www.visionweb.com.ar\/index.php?rest_route=\/wp\/v2\/posts\/6587","targetHints":{"allow":["GET"]}}],"collection":[{"href":"https:\/\/www.visionweb.com.ar\/index.php?rest_route=\/wp\/v2\/posts"}],"about":[{"href":"https:\/\/www.visionweb.com.ar\/index.php?rest_route=\/wp\/v2\/types\/post"}],"author":[{"embeddable":true,"href":"https:\/\/www.visionweb.com.ar\/index.php?rest_route=\/wp\/v2\/users\/3"}],"replies":[{"embeddable":true,"href":"https:\/\/www.visionweb.com.ar\/index.php?rest_route=%2Fwp%2Fv2%2Fcomments&post=6587"}],"version-history":[{"count":2,"href":"https:\/\/www.visionweb.com.ar\/index.php?rest_route=\/wp\/v2\/posts\/6587\/revisions"}],"predecessor-version":[{"id":6590,"href":"https:\/\/www.visionweb.com.ar\/index.php?rest_route=\/wp\/v2\/posts\/6587\/revisions\/6590"}],"wp:featuredmedia":[{"embeddable":true,"href":"https:\/\/www.visionweb.com.ar\/index.php?rest_route=\/wp\/v2\/media\/6588"}],"wp:attachment":[{"href":"https:\/\/www.visionweb.com.ar\/index.php?rest_route=%2Fwp%2Fv2%2Fmedia&parent=6587"}],"wp:term":[{"taxonomy":"category","embeddable":true,"href":"https:\/\/www.visionweb.com.ar\/index.php?rest_route=%2Fwp%2Fv2%2Fcategories&post=6587"},{"taxonomy":"post_tag","embeddable":true,"href":"https:\/\/www.visionweb.com.ar\/index.php?rest_route=%2Fwp%2Fv2%2Ftags&post=6587"}],"curies":[{"name":"wp","href":"https:\/\/api.w.org\/{rel}","templated":true}]}}