{"id":6582,"date":"2022-07-27T15:35:16","date_gmt":"2022-07-27T18:35:16","guid":{"rendered":"https:\/\/www.visionweb.com.ar\/?p=6582"},"modified":"2022-07-27T15:35:16","modified_gmt":"2022-07-27T18:35:16","slug":"lanus-buscan-que-el-100-de-los-mayores-tengan-un-dispositivo-de-boton-antipanico","status":"publish","type":"post","link":"https:\/\/www.visionweb.com.ar\/?p=6582","title":{"rendered":"Lan\u00fas: Buscan que el 100% de los mayores tengan un dispositivo de bot\u00f3n antip\u00e1nico"},"content":{"rendered":"<p><em><strong>Durante el \u00faltimo semestre se registraron en el distrito m\u00e1s de 190 \u201centradoras\u201d, de las cuales el 80%\u00a0 de las v\u00edctimas fueron mayores.<\/strong><\/em><!--more--><\/p>\n<p><strong><img loading=\"lazy\" decoding=\"async\" class=\"size-full wp-image-6584 aligncenter\" src=\"https:\/\/www.visionweb.com.ar\/wp-content\/uploads\/2022\/07\/boton-antipanico-lanus.bmp\" alt=\"\" width=\"467\" height=\"476\" \/>E<\/strong>l intendente de Lan\u00fas, N\u00e9stor Grindetti y el jefe de Gabinete, Diego Kravetz, se reunieron con adultos mayores del distrito en el marco del lanzamiento de un plan de seguridad para que el total de la poblaci\u00f3n de la tercera edad cuente con un\u00a0bot\u00f3n\u00a0antip\u00e1nico.<\/p>\n<p>En ese marco, el jefe comunal local, N\u00e9stor Grindetti, expres\u00f3 su preocupaci\u00f3n por el incremento de hechos delictivos cometidos contra la poblaci\u00f3n de adultos mayores, sobre todo en materia de entraderas a sus domicilios, conforme indic\u00f3 Prensa de Lan\u00fas.<\/p>\n<p>\u00abEsta es una manera de estar cerca del pueblo. Cuando uno vive una situaci\u00f3n as\u00ed (de delito) lo que m\u00e1s necesita es qui\u00e9n lo contenga, acompa\u00f1e y ayude. Y ese es el rol que queremos adoptar\u00bb, expres\u00f3 Grindetti.<\/p>\n<p>En Lan\u00fas, en el \u00faltimo semestre, seg\u00fan el Gabinete de An\u00e1lisis y Planificaci\u00f3n se registraron<strong>\u00a0<\/strong><strong>m\u00e1s de 190 ingresos en finca<\/strong>\u00a0(entraderas) de los cuales el\u00a0<strong>80 por ciento fueron v\u00edctimas adultos mayores<\/strong>.<\/p>\n<p>Cabe destacar, que en la actualidad de los 9.000 botones\u00a0que el Municipio lleva instalados, unos 2 mil corresponden a adultos mayores.<\/p>\n<p>Por su parte, Diego Kravetz quien adem\u00e1s se desempe\u00f1a como responsable de Seguridad en el distrito, adelant\u00f3 que en los pr\u00f3ximos d\u00edas presentar\u00e1n un\u00a0<strong>proyecto de ley<\/strong><strong>\u00a0en el Congreso Nacional<\/strong> para solicitar \u201cque sea modificado el c\u00f3digo penal y que los delitos cometidos contra mayores de 65 a\u00f1os consideren esa condici\u00f3n como un\u00a0<strong>agravante<\/strong>.\u201d<\/p>\n<div id=\"attachment_6585\" style=\"width: 603px\" class=\"wp-caption aligncenter\"><a href=\"https:\/\/www.visionweb.com.ar\/wp-content\/uploads\/2022\/07\/lboton-antipanico-anus-face-kravetz.bmp\"><img loading=\"lazy\" decoding=\"async\" aria-describedby=\"caption-attachment-6585\" class=\"wp-image-6585 size-full\" src=\"https:\/\/www.visionweb.com.ar\/wp-content\/uploads\/2022\/07\/lboton-antipanico-anus-face-kravetz.bmp\" alt=\"\" width=\"593\" height=\"441\" \/><\/a><p id=\"caption-attachment-6585\" class=\"wp-caption-text\">Que todos los mayores cuenten con este dispositivo. (Foto: Facebook Kravetz)<\/p><\/div>\n<p>Durante la reuni\u00f3n realizada en el centro de Jubilados Gerli Oeste, en la que tambi\u00e9n particip\u00f3 la secretaria de Desarrollo Social, Noelia Quindimil, se llev\u00f3 a cabo la instalaci\u00f3n de la aplicaci\u00f3n y la capacitaci\u00f3n sobre el uso del mismo.<\/p>\n<p>Desde el Municipio informaron que todos aquellos adultos mayores que quieren obtener su bot\u00f3n antip\u00e1nico, pueden comunicarse al 4357-5100 (interno 7720\/7721), enviar un mail a: solicitud.antipanicos.lanus@gmail.com<\/p>\n<p>Tambi\u00e9n pueden acercarse al Centro de Monitoreo de Lan\u00fas (Hip\u00f3lito Yrigoyen 3863). <strong>(VW)<\/strong><\/p>\n<p>&nbsp;<\/p>\n","protected":false},"excerpt":{"rendered":"<p>Durante el \u00faltimo semestre se registraron en el distrito m\u00e1s de 190 \u201centradoras\u201d, de las cuales el 80%\u00a0 de las v\u00edctimas fueron mayores.<\/p>\n","protected":false},"author":4,"featured_media":6585,"comment_status":"closed","ping_status":"closed","sticky":false,"template":"","format":"standard","meta":{"_monsterinsights_skip_tracking":false,"_monsterinsights_sitenote_active":false,"_monsterinsights_sitenote_note":"","_monsterinsights_sitenote_category":0,"footnotes":""},"categories":[8,5],"tags":[2694,18,241,19,2695,529],"class_list":["post-6582","post","type-post","status-publish","format-standard","has-post-thumbnail","hentry","category-interes-general","category-sociedad","tag-boton-antipanico","tag-grindetti","tag-kravetz","tag-lanus","tag-noelia-quindimil","tag-seguridad"],"_links":{"self":[{"href":"https:\/\/www.visionweb.com.ar\/index.php?rest_route=\/wp\/v2\/posts\/6582","targetHints":{"allow":["GET"]}}],"collection":[{"href":"https:\/\/www.visionweb.com.ar\/index.php?rest_route=\/wp\/v2\/posts"}],"about":[{"href":"https:\/\/www.visionweb.com.ar\/index.php?rest_route=\/wp\/v2\/types\/post"}],"author":[{"embeddable":true,"href":"https:\/\/www.visionweb.com.ar\/index.php?rest_route=\/wp\/v2\/users\/4"}],"replies":[{"embeddable":true,"href":"https:\/\/www.visionweb.com.ar\/index.php?rest_route=%2Fwp%2Fv2%2Fcomments&post=6582"}],"version-history":[{"count":2,"href":"https:\/\/www.visionweb.com.ar\/index.php?rest_route=\/wp\/v2\/posts\/6582\/revisions"}],"predecessor-version":[{"id":6586,"href":"https:\/\/www.visionweb.com.ar\/index.php?rest_route=\/wp\/v2\/posts\/6582\/revisions\/6586"}],"wp:featuredmedia":[{"embeddable":true,"href":"https:\/\/www.visionweb.com.ar\/index.php?rest_route=\/wp\/v2\/media\/6585"}],"wp:attachment":[{"href":"https:\/\/www.visionweb.com.ar\/index.php?rest_route=%2Fwp%2Fv2%2Fmedia&parent=6582"}],"wp:term":[{"taxonomy":"category","embeddable":true,"href":"https:\/\/www.visionweb.com.ar\/index.php?rest_route=%2Fwp%2Fv2%2Fcategories&post=6582"},{"taxonomy":"post_tag","embeddable":true,"href":"https:\/\/www.visionweb.com.ar\/index.php?rest_route=%2Fwp%2Fv2%2Ftags&post=6582"}],"curies":[{"name":"wp","href":"https:\/\/api.w.org\/{rel}","templated":true}]}}