{"id":6574,"date":"2022-07-27T14:16:34","date_gmt":"2022-07-27T17:16:34","guid":{"rendered":"https:\/\/www.visionweb.com.ar\/?p=6574"},"modified":"2022-07-27T14:16:34","modified_gmt":"2022-07-27T17:16:34","slug":"una-hora-mas-de-clases-aun-no-hay-definiciones-en-la-provincia","status":"publish","type":"post","link":"https:\/\/www.visionweb.com.ar\/?p=6574","title":{"rendered":"Una hora m\u00e1s de clases: A\u00fan no hay definiciones en la Provincia"},"content":{"rendered":"<p><em><strong>La posibilidad de implementar la hora extra de clases en las escuelas primarias bonaerenses anunciada por el ministro de Educaci\u00f3n Jaime Perczyk, a\u00fan est\u00e1 en estudio.<\/strong><\/em><!--more--><\/p>\n<p><strong><img loading=\"lazy\" decoding=\"async\" class=\"size-full wp-image-6576 aligncenter\" src=\"https:\/\/www.visionweb.com.ar\/wp-content\/uploads\/2022\/07\/clases-5.bmp\" alt=\"\" width=\"657\" height=\"324\" \/>E<\/strong>n la Provincia de Buenos Aires, la iniciativa de aumentar el horario lectivo tom\u00f3 nuevo rumbo luego de que las autoridades educativas decidieran dejarla en suspenso, a causa de la resistencia mostrada por los gremios docentes.<\/p>\n<p>El ministro de Educaci\u00f3n de la Naci\u00f3n, Jaime Perczyk, hab\u00eda confirmado a fines de abril, que despu\u00e9s de las vacaciones de invierno comenzar\u00eda a implementarse la extensi\u00f3n de una hora de la jornada en la educaci\u00f3n primaria; a la vez que en las \u00faltimas semanas, el ministro firm\u00f3 convenios con algunas provincias del pa\u00eds, que se sumaron para\u00a0adecuarse a esta iniciativa.<\/p>\n<p>En esa l\u00ednea, la cartera nacional busca\u00a0ampliar las adhesiones a la iniciativa, de cara al reinicio del segundo semestre luego del receso.<\/p>\n<p>A la adhesi\u00f3n de Tucum\u00e1n, se sum\u00f3 la de Salta, Chaco, Santa Cruz, Catamarca, Entre R\u00edos y Tierra del Fuego, una actitud que hizo que el titular del Palacio Pizzurno destaque la voluntad de las autoridades provinciales y de toda la comunidad educativa\u00a0<strong>\u201cpara que las chicas y los chicos est\u00e9n m\u00e1s tiempo en la escuela\u201d.<\/strong><\/p>\n<p>\u201cM\u00e1s horas de clase es mejores condiciones para aprender\u201d, hab\u00eda expresado Perczyk. \u201cEsto redundar\u00e1, en consecuencia, en que los docentes tengan m\u00e1s trabajo\u201d.<\/p>\n<p>En su momento cuando se conoci\u00f3 la propuesta nacional, la gesti\u00f3n de Axel Kicillof se mostr\u00f3 a favor de la propuesta, pero los <strong>sindicatos docentes<\/strong> plantearon sus objeciones acerca de la\u00a0<strong>\u201cp\u00e9rdida de derechos\u201d para los trabajadores.<\/strong><\/p>\n<p>Desde la Federaci\u00f3n de Educadores Bonaerenses (FEB), ya hab\u00edan indicado: \u201cNo se trata s\u00f3lo de una hora m\u00e1s.\u00a0No pudieron avanzar con esto porque es una hora m\u00e1s al docente y las familias. Se tendr\u00eda que ver como se implementa esa hora y nos han dado la raz\u00f3n. Tendr\u00eda que cumplirse lo que dice la ley con la jornada completa\u201d.<\/p>\n<p>En esa l\u00ednea, Roberto Baradel, secretario general de SUTEBA, y CETERA tambi\u00e9n en abril, hab\u00edan rechazado esta posibilidad.<\/p>\n<p>Por su parte, el titular de la cartera educativa bonaerense, Alberto Sileoni, reconoci\u00f3 que la hora extra de clases era \u201cmuy bienvenido como idea, y a la vez de muy dif\u00edcil implementaci\u00f3n\u201d.<\/p>\n<p><strong>\u00a0<\/strong>Los gremios docentes indicaron que: \u201cDe ninguna manera puede hacerse desde una instrumentaci\u00f3n general\u201d y refirieron que \u00fanicamente podr\u00edan instrumentarse de \u201cforma optativa\u201d en colegios donde se llegue a \u201cconsensos con los docentes, auxiliares y padres\u201d.<\/p>\n<p>A la vez que adelantaron que\u00a0<strong>prefieren un esquema de jornada completa de ocho horas,<\/strong><strong>\u00a0<\/strong>a la de una jornada de cinco horas.<\/p>\n<p>El argumento es que la hora extra le significar\u00eda una\u00a0<strong>complicaci\u00f3n para los docentes que trabajan en doble turno<\/strong>, quienes perder\u00edan alguno de los m\u00f3dulos al tiempo que alertaron que la infraestructura no est\u00e1 para sumar una hora de clases. <strong>(VW)<\/strong><\/p>\n<p>&nbsp;<\/p>\n","protected":false},"excerpt":{"rendered":"<p>La posibilidad de implementar la hora extra de clases en las escuelas primarias bonaerenses anunciada por el ministro de Educaci\u00f3n Jaime Perczyk, a\u00fan est\u00e1 en estudio.<\/p>\n","protected":false},"author":4,"featured_media":6576,"comment_status":"closed","ping_status":"closed","sticky":false,"template":"","format":"standard","meta":{"_monsterinsights_skip_tracking":false,"_monsterinsights_sitenote_active":false,"_monsterinsights_sitenote_note":"","_monsterinsights_sitenote_category":0,"footnotes":""},"categories":[7,4],"tags":[2689,2047,356,2160,2154],"class_list":["post-6574","post","type-post","status-publish","format-standard","has-post-thumbnail","hentry","category-educacion-y-cultura","category-politica","tag-gremios-docentes","tag-jaime-perczyk","tag-provincia","tag-sileoni","tag-una-hora-mas"],"_links":{"self":[{"href":"https:\/\/www.visionweb.com.ar\/index.php?rest_route=\/wp\/v2\/posts\/6574","targetHints":{"allow":["GET"]}}],"collection":[{"href":"https:\/\/www.visionweb.com.ar\/index.php?rest_route=\/wp\/v2\/posts"}],"about":[{"href":"https:\/\/www.visionweb.com.ar\/index.php?rest_route=\/wp\/v2\/types\/post"}],"author":[{"embeddable":true,"href":"https:\/\/www.visionweb.com.ar\/index.php?rest_route=\/wp\/v2\/users\/4"}],"replies":[{"embeddable":true,"href":"https:\/\/www.visionweb.com.ar\/index.php?rest_route=%2Fwp%2Fv2%2Fcomments&post=6574"}],"version-history":[{"count":2,"href":"https:\/\/www.visionweb.com.ar\/index.php?rest_route=\/wp\/v2\/posts\/6574\/revisions"}],"predecessor-version":[{"id":6577,"href":"https:\/\/www.visionweb.com.ar\/index.php?rest_route=\/wp\/v2\/posts\/6574\/revisions\/6577"}],"wp:featuredmedia":[{"embeddable":true,"href":"https:\/\/www.visionweb.com.ar\/index.php?rest_route=\/wp\/v2\/media\/6576"}],"wp:attachment":[{"href":"https:\/\/www.visionweb.com.ar\/index.php?rest_route=%2Fwp%2Fv2%2Fmedia&parent=6574"}],"wp:term":[{"taxonomy":"category","embeddable":true,"href":"https:\/\/www.visionweb.com.ar\/index.php?rest_route=%2Fwp%2Fv2%2Fcategories&post=6574"},{"taxonomy":"post_tag","embeddable":true,"href":"https:\/\/www.visionweb.com.ar\/index.php?rest_route=%2Fwp%2Fv2%2Ftags&post=6574"}],"curies":[{"name":"wp","href":"https:\/\/api.w.org\/{rel}","templated":true}]}}