{"id":6563,"date":"2022-07-27T09:39:21","date_gmt":"2022-07-27T12:39:21","guid":{"rendered":"https:\/\/www.visionweb.com.ar\/?p=6563"},"modified":"2022-07-27T09:45:19","modified_gmt":"2022-07-27T12:45:19","slug":"6563","status":"publish","type":"post","link":"https:\/\/www.visionweb.com.ar\/?p=6563","title":{"rendered":"Incorporan a los homicidios por razones de genero a las investigaciones privilegiadas"},"content":{"rendered":"<p><strong><em>Tambi\u00e9n se reuni\u00f3 la Comisi\u00f3n de Prevenci\u00f3n de Adicciones que preside la diputada Mar\u00eda Laura Ricchini, con la presencia de todos sus integrantes.\u00a0<\/em><\/strong><!--more--><\/p>\n<p><img loading=\"lazy\" decoding=\"async\" class=\"size-medium wp-image-6564 alignright\" src=\"https:\/\/www.visionweb.com.ar\/wp-content\/uploads\/2022\/07\/Trabajo-en-comision-300x200.png\" alt=\"\" width=\"300\" height=\"200\" srcset=\"https:\/\/www.visionweb.com.ar\/wp-content\/uploads\/2022\/07\/Trabajo-en-comision-300x200.png 300w, https:\/\/www.visionweb.com.ar\/wp-content\/uploads\/2022\/07\/Trabajo-en-comision-768x511.png 768w, https:\/\/www.visionweb.com.ar\/wp-content\/uploads\/2022\/07\/Trabajo-en-comision.png 800w\" sizes=\"auto, (max-width: 300px) 100vw, 300px\" \/>Presidida por la diputada Alejandra Lord\u00e9n, la Comisi\u00f3n de G\u00e9nero y Diversidad aprob\u00f3 la mayor\u00eda de los proyectos presentados, salvo una iniciativa que fue postergada. Entre ellos se destaca la modificaci\u00f3n al art\u00edculo 3 de la ley 14.646 por la que se cre\u00f3 el Observatorio Provincial de Investigaciones de Muertes Violentas.<\/p>\n<p>La iniciativa de la diputada Johanna Panebianco agrega como materia de investigaci\u00f3n privilegiada los siguientes hechos: Femicidios, travesticidio, transfemicidios, femicidios vinculados, suicidios, transmicidio y dem\u00e1s homicidios por razones de g\u00e9nero. De este modo, se apuntar\u00e1 informaci\u00f3n clara y concreta sobre este tipo de hechos, as\u00ed como la elaboraci\u00f3n e implementaci\u00f3n de pol\u00edticas de prevenci\u00f3n efectivas.<\/p>\n<p>Por otra parte, se reuni\u00f3 la Comisi\u00f3n de Clubes y Asociaciones Civiles que preside la diputada Luciana Padulo. Durante el encuentro fueron tratados diversos proyectos de declaraci\u00f3n como el que solicita declarar de inter\u00e9s provincial el 97\u00b0 aniversario de la sociedad de fomento \u00abCastelar\u00bb, y biblioteca popular de 9 de Julio de la localidad de Castelar, partido de Mor\u00f3n. La segunda iniciativa consiste en declarar de inter\u00e9s provincial el 74\u00b0 aniversario del club \u00abDeportivo Mor\u00f3n\u00bb, del partido de Mor\u00f3n.<\/p>\n<p>Por \u00faltimo, se reuni\u00f3 la Comisi\u00f3n de Prevenci\u00f3n de Adicciones que preside la diputada Mar\u00eda Laura Ricchini, con la presencia de todos sus integrantes.<\/p>\n<p>El mi\u00e9rcoles sesion\u00f3 la Comisi\u00f3n de Salud P\u00fablica que preside la diputada Roxana L\u00f3pez, aprobando el proyecto que instituye al primer mi\u00e9rcoles de mayo de cada a\u00f1o como el \u201cD\u00eda de la Salud Mental Materna\u201d. Dicho proyecto pertenece a la diputada Alejandra Lorden y se unific\u00f3 con otro de la legisladora Noelia Ru\u00edz.<\/p>\n<p>Durante ese d\u00eda, se impulsar\u00e1n acciones destinadas a sensibilizar a toda la poblaci\u00f3n acerca de la importancia de la salud mental materna.<\/p>\n","protected":false},"excerpt":{"rendered":"<p>Tambi\u00e9n se reuni\u00f3 la Comisi\u00f3n de Prevenci\u00f3n de Adicciones que preside la diputada Mar\u00eda Laura Ricchini, con la presencia de todos sus integrantes.\u00a0<\/p>\n","protected":false},"author":3,"featured_media":6564,"comment_status":"closed","ping_status":"closed","sticky":false,"template":"","format":"standard","meta":{"_monsterinsights_skip_tracking":false,"_monsterinsights_sitenote_active":false,"_monsterinsights_sitenote_note":"","_monsterinsights_sitenote_category":0,"footnotes":""},"categories":[4],"tags":[418,2685],"class_list":["post-6563","post","type-post","status-publish","format-standard","has-post-thumbnail","hentry","category-politica","tag-genero","tag-homicidios"],"_links":{"self":[{"href":"https:\/\/www.visionweb.com.ar\/index.php?rest_route=\/wp\/v2\/posts\/6563","targetHints":{"allow":["GET"]}}],"collection":[{"href":"https:\/\/www.visionweb.com.ar\/index.php?rest_route=\/wp\/v2\/posts"}],"about":[{"href":"https:\/\/www.visionweb.com.ar\/index.php?rest_route=\/wp\/v2\/types\/post"}],"author":[{"embeddable":true,"href":"https:\/\/www.visionweb.com.ar\/index.php?rest_route=\/wp\/v2\/users\/3"}],"replies":[{"embeddable":true,"href":"https:\/\/www.visionweb.com.ar\/index.php?rest_route=%2Fwp%2Fv2%2Fcomments&post=6563"}],"version-history":[{"count":3,"href":"https:\/\/www.visionweb.com.ar\/index.php?rest_route=\/wp\/v2\/posts\/6563\/revisions"}],"predecessor-version":[{"id":6567,"href":"https:\/\/www.visionweb.com.ar\/index.php?rest_route=\/wp\/v2\/posts\/6563\/revisions\/6567"}],"wp:featuredmedia":[{"embeddable":true,"href":"https:\/\/www.visionweb.com.ar\/index.php?rest_route=\/wp\/v2\/media\/6564"}],"wp:attachment":[{"href":"https:\/\/www.visionweb.com.ar\/index.php?rest_route=%2Fwp%2Fv2%2Fmedia&parent=6563"}],"wp:term":[{"taxonomy":"category","embeddable":true,"href":"https:\/\/www.visionweb.com.ar\/index.php?rest_route=%2Fwp%2Fv2%2Fcategories&post=6563"},{"taxonomy":"post_tag","embeddable":true,"href":"https:\/\/www.visionweb.com.ar\/index.php?rest_route=%2Fwp%2Fv2%2Ftags&post=6563"}],"curies":[{"name":"wp","href":"https:\/\/api.w.org\/{rel}","templated":true}]}}