{"id":6545,"date":"2022-07-26T14:52:53","date_gmt":"2022-07-26T17:52:53","guid":{"rendered":"https:\/\/www.visionweb.com.ar\/?p=6545"},"modified":"2022-07-26T14:52:53","modified_gmt":"2022-07-26T17:52:53","slug":"lanus-continuan-las-obras-en-escuelas","status":"publish","type":"post","link":"https:\/\/www.visionweb.com.ar\/?p=6545","title":{"rendered":"Lan\u00fas: Contin\u00faan las obras en escuelas"},"content":{"rendered":"<p><em><strong>Son importantes los avances de los trabajos en la Escuela de Educaci\u00f3n Especial N\u00ba 503, que culminar\u00e1n a fin de este a\u00f1o. Ya se realizaron tareas de remodelaci\u00f3n en 14 escuelas de Lan\u00fas.<\/strong><\/em><!--more--><\/p>\n<p><strong><img loading=\"lazy\" decoding=\"async\" class=\"size-medium wp-image-6547 alignright\" src=\"https:\/\/www.visionweb.com.ar\/wp-content\/uploads\/2022\/07\/remodelacion-escuela-lanus-300x225.jpg\" alt=\"\" width=\"300\" height=\"225\" srcset=\"https:\/\/www.visionweb.com.ar\/wp-content\/uploads\/2022\/07\/remodelacion-escuela-lanus-300x225.jpg 300w, https:\/\/www.visionweb.com.ar\/wp-content\/uploads\/2022\/07\/remodelacion-escuela-lanus-320x240.jpg 320w, https:\/\/www.visionweb.com.ar\/wp-content\/uploads\/2022\/07\/remodelacion-escuela-lanus.jpg 615w\" sizes=\"auto, (max-width: 300px) 100vw, 300px\" \/>E<\/strong>l jefe de Gabinete de Lan\u00fas Diego Kravetz, junto al secretario de Educaci\u00f3n, Empleo y Deportes, Dami\u00e1n Sala, recorrieron los trabajos de infraestructura y puesta en valor de la Escuela de Educaci\u00f3n Especial N\u00ba 503 de Valent\u00edn Alsina, sita en Tuyut\u00ed 3479.<\/p>\n<p>En la obra, se contempla la refuncionalizaci\u00f3n total de la planta baja, la puesta en valor de aulas existentes y el agregado de nuevas aulas, conforme indic\u00f3 Prensa de la Comuna.<\/p>\n<p>Adem\u00e1s, se instalar\u00e1n nuevos sanitarios para alumnos y docentes, m\u00e1s un ba\u00f1o para discapacitados. Tambi\u00e9n se hicieron reubicaciones del sector administrativo, una cubierta nueva en el patio y un acceso para veh\u00edculos.<\/p>\n<p>En este proyecto, se invirtieron m\u00e1s de 44 millones de pesos y se estima culminar con la obra antes de fin de a\u00f1o. En lo que va\u00a0del 2022, ya se realizaron tareas de remodelaci\u00f3n en 14 escuelas de Lan\u00fas, con una inversi\u00f3n total de casi 240 millones de pesos.<\/p>\n<p><img loading=\"lazy\" decoding=\"async\" class=\"size-medium wp-image-6548 alignleft\" src=\"https:\/\/www.visionweb.com.ar\/wp-content\/uploads\/2022\/07\/remoldelacion-escuela-kravetz-300x202.jpg\" alt=\"\" width=\"300\" height=\"202\" srcset=\"https:\/\/www.visionweb.com.ar\/wp-content\/uploads\/2022\/07\/remoldelacion-escuela-kravetz-300x202.jpg 300w, https:\/\/www.visionweb.com.ar\/wp-content\/uploads\/2022\/07\/remoldelacion-escuela-kravetz.jpg 575w\" sizes=\"auto, (max-width: 300px) 100vw, 300px\" \/>A su vez, en las obras del verano pasado, se adecuaron un total de 60 instituciones, con obras que van desde reparaci\u00f3n de sanitarios y cocinas, hasta impermeabilizaci\u00f3n de techos, carpinter\u00eda y pintura.<\/p>\n<p>Adem\u00e1s, como todos los a\u00f1os, se desarrollan las tareas de mantenimiento correspondiente en todas las instituciones educativas del distrito.<\/p>\n<p>De la recorrida junto a Kravetz y Sala, participaron el presidente del Consejo Escolar de Lan\u00fas, Gustavo Lavezzi, la secretaria de Desarrollo Urbano, Connie Rivas Godio y la subsecretaria de Educaci\u00f3n, Yamila Monteleone. <strong>(VW)<\/strong><\/p>\n","protected":false},"excerpt":{"rendered":"<p>Son importantes los avances de los trabajos en la Escuela de Educaci\u00f3n Especial N\u00ba 503, que culminar\u00e1n a fin de este a\u00f1o. Ya se realizaron tareas de remodelaci\u00f3n en 14 escuelas de Lan\u00fas.<\/p>\n","protected":false},"author":4,"featured_media":6548,"comment_status":"closed","ping_status":"closed","sticky":false,"template":"","format":"standard","meta":{"_monsterinsights_skip_tracking":false,"_monsterinsights_sitenote_active":false,"_monsterinsights_sitenote_note":"","_monsterinsights_sitenote_category":0,"footnotes":""},"categories":[8,5],"tags":[2677,241,19,2678],"class_list":["post-6545","post","type-post","status-publish","format-standard","has-post-thumbnail","hentry","category-interes-general","category-sociedad","tag-escuela-503-de-educacion-especial","tag-kravetz","tag-lanus","tag-remodelacion"],"_links":{"self":[{"href":"https:\/\/www.visionweb.com.ar\/index.php?rest_route=\/wp\/v2\/posts\/6545","targetHints":{"allow":["GET"]}}],"collection":[{"href":"https:\/\/www.visionweb.com.ar\/index.php?rest_route=\/wp\/v2\/posts"}],"about":[{"href":"https:\/\/www.visionweb.com.ar\/index.php?rest_route=\/wp\/v2\/types\/post"}],"author":[{"embeddable":true,"href":"https:\/\/www.visionweb.com.ar\/index.php?rest_route=\/wp\/v2\/users\/4"}],"replies":[{"embeddable":true,"href":"https:\/\/www.visionweb.com.ar\/index.php?rest_route=%2Fwp%2Fv2%2Fcomments&post=6545"}],"version-history":[{"count":2,"href":"https:\/\/www.visionweb.com.ar\/index.php?rest_route=\/wp\/v2\/posts\/6545\/revisions"}],"predecessor-version":[{"id":6549,"href":"https:\/\/www.visionweb.com.ar\/index.php?rest_route=\/wp\/v2\/posts\/6545\/revisions\/6549"}],"wp:featuredmedia":[{"embeddable":true,"href":"https:\/\/www.visionweb.com.ar\/index.php?rest_route=\/wp\/v2\/media\/6548"}],"wp:attachment":[{"href":"https:\/\/www.visionweb.com.ar\/index.php?rest_route=%2Fwp%2Fv2%2Fmedia&parent=6545"}],"wp:term":[{"taxonomy":"category","embeddable":true,"href":"https:\/\/www.visionweb.com.ar\/index.php?rest_route=%2Fwp%2Fv2%2Fcategories&post=6545"},{"taxonomy":"post_tag","embeddable":true,"href":"https:\/\/www.visionweb.com.ar\/index.php?rest_route=%2Fwp%2Fv2%2Ftags&post=6545"}],"curies":[{"name":"wp","href":"https:\/\/api.w.org\/{rel}","templated":true}]}}