{"id":6530,"date":"2022-07-25T13:00:12","date_gmt":"2022-07-25T16:00:12","guid":{"rendered":"https:\/\/www.visionweb.com.ar\/?p=6530"},"modified":"2022-07-25T13:00:12","modified_gmt":"2022-07-25T16:00:12","slug":"plan-crea-el-gobierno-bonaerense-lanza-creditos-para-refaccionar-viviendas","status":"publish","type":"post","link":"https:\/\/www.visionweb.com.ar\/?p=6530","title":{"rendered":"Plan Crea: El Gobierno bonaerense lanza cr\u00e9ditos para refaccionar viviendas"},"content":{"rendered":"<p><em><strong>Kicillof<\/strong><strong> presentar\u00e1 hoy los cr\u00e9ditos a tasa cero CREA, para ampliar y refaccionar viviendas. Ser\u00e1n a tasa cero, de hasta 750 mil pesos, y a pagar en 6 a\u00f1os.<\/strong><\/em><!--more--><\/p>\n<p><strong><img loading=\"lazy\" decoding=\"async\" class=\"size-full wp-image-6532 aligncenter\" src=\"https:\/\/www.visionweb.com.ar\/wp-content\/uploads\/2022\/07\/construccion-2.bmp\" alt=\"\" width=\"567\" height=\"379\" \/>E<\/strong>l gobernador bonaerense, Axel Kicillof, presentar\u00e1 este lunes ante intendentes el Programa Buenos Aires CREA, un plan de cr\u00e9ditos para refacci\u00f3n y ampliaci\u00f3n de viviendas a tasa cero. El programa apunta a otorgar 50 mil cr\u00e9ditos, y est\u00e1 destinado con prioridad a grupos familiares numerosos, personas con discapacidad, hogares monoparentales o tutores con menores de 18 a\u00f1os a cargo, personas en situaci\u00f3n de violencia de g\u00e9nero, personas travesti\/trans, hogares en barrios con situaci\u00f3n de vulnerabilidad.<\/p>\n<p>El acto, del que participar\u00e1n jefes comunales y parte del gabinete provincial, se llevar\u00e1 a cabo en el Sal\u00f3n Dorado de la Casa de Gobierno, en La Plata, desde las 15.30, se inform\u00f3 oficialmente.<\/p>\n<p>El martes pasado, se conoci\u00f3 el nuevo proyecto destinado a familias bonaerenses que necesitan reformar, refaccionar o ampliar su vivienda.<\/p>\n<p>Son cr\u00e9ditos que van desde 40 mil pesos hasta 750 mil pesos, con cuotas de entre 5 mil y 10 mil mensuales, con un plazo de devoluci\u00f3n de hasta 6 a\u00f1os. Adem\u00e1s, hay un periodo de gracia de entre 6 meses y un a\u00f1o dependiendo el tipo de cr\u00e9dito.<\/p>\n<p>El gobierno aclar\u00f3 que en la primera etapa el programa apunta a otorgar 50 mil cr\u00e9ditos<\/p>\n<p>Una l\u00ednea destinada a refacciones menores de vivienda de hasta 180 mil pesos a 10 a\u00f1os con 6 meses de gracia<\/p>\n<p>Una segunda l\u00ednea para refacciones mayores de vivienda de hasta 360 mil pesos a pagar en 72 cuotas<\/p>\n<p>Una tercera l\u00ednea para ampliaciones de vivienda de hasta 750 mil pesos a pagar tambi\u00e9n en 72 cuotas<\/p>\n<p><img loading=\"lazy\" decoding=\"async\" class=\"size-medium wp-image-6533 alignright\" src=\"https:\/\/www.visionweb.com.ar\/wp-content\/uploads\/2022\/07\/plan-crea-300x186.jpg\" alt=\"\" width=\"300\" height=\"186\" srcset=\"https:\/\/www.visionweb.com.ar\/wp-content\/uploads\/2022\/07\/plan-crea-300x186.jpg 300w, https:\/\/www.visionweb.com.ar\/wp-content\/uploads\/2022\/07\/plan-crea.jpg 527w\" sizes=\"auto, (max-width: 300px) 100vw, 300px\" \/>Condiciones para acceder a los cr\u00e9ditos CREA:<\/p>\n<p>Podr\u00e1n acceder a un cr\u00e9dito CREA personas f\u00edsicas que residan en la Provincia de Buenos Aires. Aunque s\u00f3lo se podr\u00e1 realizar una solicitud por grupo familiar, se podr\u00e1 sumar los ingresos de los integrantes de la familia.<\/p>\n<p>A su vez, desde el Gobierno de la Provincia de Buenos Aires aclararon que tendr\u00e1n prioridad las siguientes personas:<\/p>\n<p>-Grupos familiares numerosos.<\/p>\n<p>-Personas con discapacidad, dificultad o limitaci\u00f3n f\u00edsica permanente, que requieran adaptar sus viviendas para mejorar las condiciones de accesibilidad y movilidad. Se deber\u00e1 acreditar tal condici\u00f3n mediante Certificado \u00danico de Discapacidad (CUD).<\/p>\n<p>-Hogares monoparentales o tutores con menores de 18 a\u00f1os a cargo.<\/p>\n<p>-Personas en situaci\u00f3n de violencia de g\u00e9nero.<\/p>\n<p>-Personas travesti\/trans.<\/p>\n<p>-Hogares en barrios con situaci\u00f3n de vulnerabilidad social y\/o ambiental debidamente justificada por el municipio.<\/p>\n<p>Los solicitantes deber\u00e1n cumplir con los siguientes requisitos:<\/p>\n<p>Poseer DNI.<\/p>\n<p>Superar 2 a\u00f1os de residencia en la Provincia de Buenos Aires.<\/p>\n<p>Tener entre 18 y 70 a\u00f1os.<\/p>\n<p>Acreditar ingresos provenientes de trabajos registrados (en relaci\u00f3n de dependencia o aut\u00f3nomos), jubilaciones y\/o pensiones, por un monto de entre 1 y 5 salarios m\u00ednimos.<\/p>\n<p>En caso de no poder acreditar ingresos, presentar una declaraci\u00f3n jurada demostrando consumos de tarjetas de cr\u00e9dito a trav\u00e9s de los res\u00famenes de los \u00faltimos 12 meses.<\/p>\n<p>Poseer, alquilar o habitar a modo de pr\u00e9stamo una vivienda familiar \u00fanica de residencia habitual.<\/p>\n<p>Inscripciones:\u00a0El primer paso es ingresar a\u00a0<a href=\"https:\/\/buenosairescrea.gba.gob.ar\/\">https:\/\/buenosairescrea.gba.gob.ar\/\u00a0<\/a>y luego seleccionar \u00abInscribite\u00bb.<\/p>\n<p>Tras ello, se deber\u00e1 indicar el CUIL y la Clave de Seguridad Social para la validaci\u00f3n de identidad. Luego de este paso, se podr\u00e1 acceder al formulario de inscripci\u00f3n, el cual brindar\u00e1 un n\u00famero de seguimiento de la solicitud una vez completado.<\/p>\n<p>Una vez terminada esta instancia, los solicitantes recibir\u00e1n un correo electr\u00f3nico en el cual se confirmar\u00e1 si cumplen o no con los requisitos del programa. Si se cumple con esos requisitos, se deber\u00e1 seleccionar \u00abSub\u00ed tu documentaci\u00f3n\u00bb en el sitio, donde deber\u00e1n cargar la documentaci\u00f3n requerida. En caso de que los datos sean correctos, recibir\u00e1n otro correo en el que se confirme la asignaci\u00f3n de CREA. <strong>(VW)<\/strong><\/p>\n","protected":false},"excerpt":{"rendered":"<p>Kicillof presentar\u00e1 hoy los cr\u00e9ditos a tasa cero CREA, para ampliar y refaccionar viviendas. Ser\u00e1n a tasa cero, de hasta 750 mil pesos, y a pagar en 6 a\u00f1os.<\/p>\n","protected":false},"author":4,"featured_media":6533,"comment_status":"closed","ping_status":"closed","sticky":false,"template":"","format":"standard","meta":{"_monsterinsights_skip_tracking":false,"_monsterinsights_sitenote_active":false,"_monsterinsights_sitenote_note":"","_monsterinsights_sitenote_category":0,"footnotes":""},"categories":[4,5],"tags":[2670,167,2669,356,270],"class_list":["post-6530","post","type-post","status-publish","format-standard","has-post-thumbnail","hentry","category-politica","category-sociedad","tag-creditos-para-refacciones","tag-kicillof","tag-plan-crea","tag-provincia","tag-viviendas"],"_links":{"self":[{"href":"https:\/\/www.visionweb.com.ar\/index.php?rest_route=\/wp\/v2\/posts\/6530","targetHints":{"allow":["GET"]}}],"collection":[{"href":"https:\/\/www.visionweb.com.ar\/index.php?rest_route=\/wp\/v2\/posts"}],"about":[{"href":"https:\/\/www.visionweb.com.ar\/index.php?rest_route=\/wp\/v2\/types\/post"}],"author":[{"embeddable":true,"href":"https:\/\/www.visionweb.com.ar\/index.php?rest_route=\/wp\/v2\/users\/4"}],"replies":[{"embeddable":true,"href":"https:\/\/www.visionweb.com.ar\/index.php?rest_route=%2Fwp%2Fv2%2Fcomments&post=6530"}],"version-history":[{"count":2,"href":"https:\/\/www.visionweb.com.ar\/index.php?rest_route=\/wp\/v2\/posts\/6530\/revisions"}],"predecessor-version":[{"id":6534,"href":"https:\/\/www.visionweb.com.ar\/index.php?rest_route=\/wp\/v2\/posts\/6530\/revisions\/6534"}],"wp:featuredmedia":[{"embeddable":true,"href":"https:\/\/www.visionweb.com.ar\/index.php?rest_route=\/wp\/v2\/media\/6533"}],"wp:attachment":[{"href":"https:\/\/www.visionweb.com.ar\/index.php?rest_route=%2Fwp%2Fv2%2Fmedia&parent=6530"}],"wp:term":[{"taxonomy":"category","embeddable":true,"href":"https:\/\/www.visionweb.com.ar\/index.php?rest_route=%2Fwp%2Fv2%2Fcategories&post=6530"},{"taxonomy":"post_tag","embeddable":true,"href":"https:\/\/www.visionweb.com.ar\/index.php?rest_route=%2Fwp%2Fv2%2Ftags&post=6530"}],"curies":[{"name":"wp","href":"https:\/\/api.w.org\/{rel}","templated":true}]}}