{"id":6525,"date":"2022-07-25T09:23:09","date_gmt":"2022-07-25T12:23:09","guid":{"rendered":"https:\/\/www.visionweb.com.ar\/?p=6525"},"modified":"2022-07-25T13:01:19","modified_gmt":"2022-07-25T16:01:19","slug":"intendentes-se-reunieron-con-el-gobernador-kicillof","status":"publish","type":"post","link":"https:\/\/www.visionweb.com.ar\/?p=6525","title":{"rendered":"Intendentes se reunieron con el gobernador Kicillof"},"content":{"rendered":"<p><em><strong>La agenda incluy\u00f3 temas referidos a los problemas de seguridad, el empleo y la producci\u00f3n. <\/strong><\/em><!--more--><\/p>\n<p><strong>\u00a0 \u00a0 \u00a0 \u00a0 <img loading=\"lazy\" decoding=\"async\" class=\"size-medium wp-image-6526 alignright\" src=\"https:\/\/www.visionweb.com.ar\/wp-content\/uploads\/2022\/07\/INTENDENTES-CON-KICILLOF-300x204.png\" alt=\"\" width=\"300\" height=\"204\" srcset=\"https:\/\/www.visionweb.com.ar\/wp-content\/uploads\/2022\/07\/INTENDENTES-CON-KICILLOF-300x204.png 300w, https:\/\/www.visionweb.com.ar\/wp-content\/uploads\/2022\/07\/INTENDENTES-CON-KICILLOF.png 741w\" sizes=\"auto, (max-width: 300px) 100vw, 300px\" \/>E<\/strong>l gobernador bonaerense, Axel Kicillof, encabez\u00f3 d\u00edas atr\u00e1s una nueva reuni\u00f3n de trabajo, con los intendentes de los distritos de Buenos Aires, gobernados por intendentes de Juntos por el Cambio, para analizar una agenda que incluy\u00f3 los temas de seguridad, empleo y producci\u00f3n.<\/p>\n<p>La reuni\u00f3n de trabajo que se realiza en forma peri\u00f3dica en la sede de gobierno de La Plata forma parte de los mecanismos de contacto con los intendentes.<\/p>\n<p>Durante el encuentro, se abordaron aspectos vinculados al fortalecimiento del Fondo de Infraestructura Municipal (FIM); el plan integral de seguridad; y los programas que articula la Provincia junto a los municipios para apuntalar el empleo y la producci\u00f3n<\/p>\n<p>Al respecto el Gobernador asegur\u00f3 que \u201cel principal objetivo es garantizar la continuidad del plan hist\u00f3rico de infraestructura que lleva adelante la Provincia en todos los municipios en materia escolar, vial, sanitaria y penitenciaria\u201d.<\/p>\n<p>Del encuentro participaron los intendentes\u00a0 de La Plata, Julio Garro; de Tres de Febrero, Diego Valenzuela; de General Pueyrredon, Guillermo Montenegro; y de Jun\u00edn, Pablo Petrecca.<\/p>\n<p>Estuvieron presentes la ministra de Gobierno, Cristina \u00c1lvarez Rodr\u00edguez; el ministro de Hacienda y Finanzas, Pablo L\u00f3pez; y el vicejefe de Gabinete, Juan Pablo de Jes\u00fas.<\/p>\n<p>\u201cLa econom\u00eda est\u00e1 creciendo y estamos mostrando resultados concretos: nunca hubo un plan tan ambicioso en materia de infraestructura como el que estamos llevando adelante\u201d, afirm\u00f3 Kicillof.<\/p>\n<p>Para sostener el plan de obras sin ning\u00fan tipo de postergaciones, entre otros programas que se ejecutan en los distritos, los recursos autom\u00e1ticos que recibieron los municipios durante los primeros 6 meses de 2022 crecieron un 67% respecto de los \u00faltimos 6 meses de 2021, lo que representa un 6,3% por encima de la inflaci\u00f3n interanual; en tanto que la recaudaci\u00f3n de los municipios se ubic\u00f3 3,8% arriba de la variaci\u00f3n de precios<strong>(VW)<\/strong>.<\/p>\n","protected":false},"excerpt":{"rendered":"<p>La agenda incluy\u00f3 temas referidos a los problemas de seguridad, el empleo y la producci\u00f3n.<\/p>\n","protected":false},"author":3,"featured_media":6526,"comment_status":"closed","ping_status":"closed","sticky":false,"template":"","format":"standard","meta":{"_monsterinsights_skip_tracking":false,"_monsterinsights_sitenote_active":false,"_monsterinsights_sitenote_note":"","_monsterinsights_sitenote_category":0,"footnotes":""},"categories":[4],"tags":[264,167,95,529],"class_list":["post-6525","post","type-post","status-publish","format-standard","has-post-thumbnail","hentry","category-politica","tag-intendentes","tag-kicillof","tag-la-plata","tag-seguridad"],"_links":{"self":[{"href":"https:\/\/www.visionweb.com.ar\/index.php?rest_route=\/wp\/v2\/posts\/6525","targetHints":{"allow":["GET"]}}],"collection":[{"href":"https:\/\/www.visionweb.com.ar\/index.php?rest_route=\/wp\/v2\/posts"}],"about":[{"href":"https:\/\/www.visionweb.com.ar\/index.php?rest_route=\/wp\/v2\/types\/post"}],"author":[{"embeddable":true,"href":"https:\/\/www.visionweb.com.ar\/index.php?rest_route=\/wp\/v2\/users\/3"}],"replies":[{"embeddable":true,"href":"https:\/\/www.visionweb.com.ar\/index.php?rest_route=%2Fwp%2Fv2%2Fcomments&post=6525"}],"version-history":[{"count":2,"href":"https:\/\/www.visionweb.com.ar\/index.php?rest_route=\/wp\/v2\/posts\/6525\/revisions"}],"predecessor-version":[{"id":6535,"href":"https:\/\/www.visionweb.com.ar\/index.php?rest_route=\/wp\/v2\/posts\/6525\/revisions\/6535"}],"wp:featuredmedia":[{"embeddable":true,"href":"https:\/\/www.visionweb.com.ar\/index.php?rest_route=\/wp\/v2\/media\/6526"}],"wp:attachment":[{"href":"https:\/\/www.visionweb.com.ar\/index.php?rest_route=%2Fwp%2Fv2%2Fmedia&parent=6525"}],"wp:term":[{"taxonomy":"category","embeddable":true,"href":"https:\/\/www.visionweb.com.ar\/index.php?rest_route=%2Fwp%2Fv2%2Fcategories&post=6525"},{"taxonomy":"post_tag","embeddable":true,"href":"https:\/\/www.visionweb.com.ar\/index.php?rest_route=%2Fwp%2Fv2%2Ftags&post=6525"}],"curies":[{"name":"wp","href":"https:\/\/api.w.org\/{rel}","templated":true}]}}