{"id":6522,"date":"2022-07-25T08:47:51","date_gmt":"2022-07-25T11:47:51","guid":{"rendered":"https:\/\/www.visionweb.com.ar\/?p=6522"},"modified":"2022-07-25T08:49:20","modified_gmt":"2022-07-25T11:49:20","slug":"6522","status":"publish","type":"post","link":"https:\/\/www.visionweb.com.ar\/?p=6522","title":{"rendered":"Ya se aplica en Buenos Aires la quinta dosis de vacuna contra el Covid 19"},"content":{"rendered":"<p><em><strong>Desde el gobierno bonaerense recordaron que deben haber pasado cuatro meses desde la aplicaci\u00f3n de la \u00faltima vacuna.<\/strong><\/em><!--more--><\/p>\n<p><strong>\u00a0 \u00a0 \u00a0 \u00a0 <img loading=\"lazy\" decoding=\"async\" class=\"size-full wp-image-820 alignright\" src=\"https:\/\/www.visionweb.com.ar\/wp-content\/uploads\/2021\/01\/vacunacion-telam.bmp\" alt=\"\" width=\"502\" height=\"283\" \/> E<\/strong>l gobierno de la provincia de Buenos anunci\u00f3 que comenz\u00f3 a aplicar la quinta dosis de la vacuna contra la Covid-19 a personas mayores de 50 a\u00f1os que recibieron como primeras dos dosis la vacuna Sinopharm y a aquellas inmunocomprometidas mayores de 12 a\u00f1os.<\/p>\n<p>En este caso, la quinta dosis ser\u00eda el segundo refuerzo, ya que este grupo recibi\u00f3 un esquema primario de tres dosis \u00abdos y una adicional), a diferencia de la mayor\u00eda de la poblaci\u00f3n que tuvo un esquema primario de dos dosis.<\/p>\n<p>Desde el gobierno bonaerense recordaron que deben haber pasado cuatro meses desde la aplicaci\u00f3n de la \u00faltima vacuna.<\/p>\n<p>La provincia registr\u00f3 por tercera semana consecutiva un crecimiento de casos de coronavirus de alrededor del 24%.<br \/>\nSe\u00f1alaron que en primer lugar, es importante tener en cuenta que todas las personas de m\u00e1s de 18 a\u00f1os que ya pasaron cuatro meses desde la aplicaci\u00f3n de la \u00faltima vacuna contra la Covid-19, deben darse un refuerzo.<\/p>\n<p>En la actualidad, la cartera sanitaria bonaerense tiene a disposici\u00f3n todas las dosis y se puede concurrir sin turno previo a los vacunatorios m\u00e1s pr\u00f3ximos al domicilio.<\/p>\n<p>Seg\u00fan indicaron, cerca de 16 millones de bonaerenses iniciaron sus esquemas de vacunaci\u00f3n, pero no los completaron.<\/p>\n<h3 style=\"text-align: center;\"><span style=\"color: #0000ff;\"><strong><em>En la provincia de Buenos Aires se aplicaron m\u00e1s de 15 millones de dosis<\/em><\/strong><\/span><\/h3>\n<p>En cuanto a la poblaci\u00f3n pedi\u00e1trica, los ni\u00f1os de m\u00e1s de 3 a\u00f1os deben contar con la primera y segunda dosis de la vacuna, mientras que, para mayores de 5 a\u00f1os est\u00e1 disponible, desde mayo, la tercera dosis (primer refuerzo) para estar protegidos, algo que permitir\u00e1 tambi\u00e9n mantener la presencialidad en las escuelas luego del receso invernal.<\/p>\n<p>Las autoridades sanitarias subrayaron que una dosis de refuerzo es la administraci\u00f3n de una dosis de vacuna luego de un esquema primario con respuesta inmune inicial suficiente, teniendo en cuenta la posible disminuci\u00f3n de la respuesta en el tiempo.<\/p>\n<p>Hasta el momento, en el territorio bonaerense, se aplicaron 41.481.390 vacunas, de las cuales 15.983.300 corresponden a la primera dosis, 14.582.588 a la segunda, 9.432.082 a la tercera (primer refuerzo), y 1.483.420 a la cuarta (segundo refuerzo)<strong>(VW)<\/strong>.<\/p>\n","protected":false},"excerpt":{"rendered":"<p>Desde el gobierno bonaerense recordaron que deben haber pasado cuatro meses desde la aplicaci\u00f3n de la \u00faltima vacuna.<\/p>\n","protected":false},"author":3,"featured_media":820,"comment_status":"closed","ping_status":"closed","sticky":false,"template":"","format":"standard","meta":{"_monsterinsights_skip_tracking":false,"_monsterinsights_sitenote_active":false,"_monsterinsights_sitenote_note":"","_monsterinsights_sitenote_category":0,"footnotes":""},"categories":[5],"tags":[369,2668,178],"class_list":["post-6522","post","type-post","status-publish","format-standard","has-post-thumbnail","hentry","category-sociedad","tag-dosis","tag-quinto-refuerzo","tag-vacunas"],"_links":{"self":[{"href":"https:\/\/www.visionweb.com.ar\/index.php?rest_route=\/wp\/v2\/posts\/6522","targetHints":{"allow":["GET"]}}],"collection":[{"href":"https:\/\/www.visionweb.com.ar\/index.php?rest_route=\/wp\/v2\/posts"}],"about":[{"href":"https:\/\/www.visionweb.com.ar\/index.php?rest_route=\/wp\/v2\/types\/post"}],"author":[{"embeddable":true,"href":"https:\/\/www.visionweb.com.ar\/index.php?rest_route=\/wp\/v2\/users\/3"}],"replies":[{"embeddable":true,"href":"https:\/\/www.visionweb.com.ar\/index.php?rest_route=%2Fwp%2Fv2%2Fcomments&post=6522"}],"version-history":[{"count":2,"href":"https:\/\/www.visionweb.com.ar\/index.php?rest_route=\/wp\/v2\/posts\/6522\/revisions"}],"predecessor-version":[{"id":6524,"href":"https:\/\/www.visionweb.com.ar\/index.php?rest_route=\/wp\/v2\/posts\/6522\/revisions\/6524"}],"wp:featuredmedia":[{"embeddable":true,"href":"https:\/\/www.visionweb.com.ar\/index.php?rest_route=\/wp\/v2\/media\/820"}],"wp:attachment":[{"href":"https:\/\/www.visionweb.com.ar\/index.php?rest_route=%2Fwp%2Fv2%2Fmedia&parent=6522"}],"wp:term":[{"taxonomy":"category","embeddable":true,"href":"https:\/\/www.visionweb.com.ar\/index.php?rest_route=%2Fwp%2Fv2%2Fcategories&post=6522"},{"taxonomy":"post_tag","embeddable":true,"href":"https:\/\/www.visionweb.com.ar\/index.php?rest_route=%2Fwp%2Fv2%2Ftags&post=6522"}],"curies":[{"name":"wp","href":"https:\/\/api.w.org\/{rel}","templated":true}]}}