{"id":6518,"date":"2022-07-22T12:24:27","date_gmt":"2022-07-22T15:24:27","guid":{"rendered":"https:\/\/www.visionweb.com.ar\/?p=6518"},"modified":"2022-07-22T12:24:27","modified_gmt":"2022-07-22T15:24:27","slug":"transporte-publico-aumentaran-los-boletos-un-40","status":"publish","type":"post","link":"https:\/\/www.visionweb.com.ar\/?p=6518","title":{"rendered":"Transporte p\u00fablico: Aumentar\u00e1n los boletos un 40%"},"content":{"rendered":"<p><em><strong>Las tarifas de colectivos, y trenes del AMBA\u00a0tendr\u00e1n un\u00a0aumento del 40 por ciento\u00a0que se aplicar\u00e1 a partir del 1\u00ba de agosto. Los subtes tambi\u00e9n.<\/strong><\/em><!--more--><\/p>\n<div id=\"attachment_6520\" style=\"width: 287px\" class=\"wp-caption alignright\"><img loading=\"lazy\" decoding=\"async\" aria-describedby=\"caption-attachment-6520\" class=\"wp-image-6520 size-medium\" src=\"https:\/\/www.visionweb.com.ar\/wp-content\/uploads\/2022\/07\/trenes-estacion-277x300.jpg\" alt=\"\" width=\"277\" height=\"300\" srcset=\"https:\/\/www.visionweb.com.ar\/wp-content\/uploads\/2022\/07\/trenes-estacion-277x300.jpg 277w, https:\/\/www.visionweb.com.ar\/wp-content\/uploads\/2022\/07\/trenes-estacion.jpg 500w\" sizes=\"auto, (max-width: 277px) 100vw, 277px\" \/><p id=\"caption-attachment-6520\" class=\"wp-caption-text\">El aumento del 40% regir\u00e1 desde agosto. (Foto: Archivo VW)<\/p><\/div>\n<p><strong>E<\/strong>l Gobierno decidi\u00f3 aumentar un 40% el boleto del transporte p\u00fablico, que regir\u00e1 para trenes y colectivos del \u00c1rea Metropolitana de Buenos Aires (AMBA). Tendr\u00e1 vigencia desde el 1ro. de agosto e incluye tambi\u00e9n a los subtes.<\/p>\n<p>Como primer paso, el Ministerio de Transporte inici\u00f3 la instancia deconsulta ciudadanapara que todos los usuarios de transporte p\u00fablico puedan expresar sus opiniones, desde hoy y a trav\u00e9s de la web: <a href=\"http:\/\/www.argentina.gob.ar\/transporte\">www.argentina.gob.ar\/transporte<\/a><\/p>\n<p>De todas maneras, las opiniones que se re\u00fanan no ser\u00e1n vinculantes para dar marcha atr\u00e1s al incremento.<\/p>\n<p>A trav\u00e9s de la resoluci\u00f3n 469\/2022, publicada en el Bolet\u00edn Oficial, el proyecto de modificaci\u00f3n del cuadro tarifario detalla c\u00f3mo quedar\u00e1n los montos.<\/p>\n<p>El\u00a0boleto m\u00ednimo de colectivo, que establece un recorrido de hasta 3 kil\u00f3metros, costar\u00e1\u00a025,25\u00a0pesos.<\/p>\n<p>Para una distancia entre 3 y 6 kil\u00f3metros, 28 pesos; entre 6 y 12 kil\u00f3metros, 29,40 pesos; entre 12 y 27 kil\u00f3metros 30,80 pesos; si el recorrido supera los 27 kil\u00f3metros,\u00a0y 32,20 pesos.<\/p>\n<p>Asimismo, a todos los montos se descontar\u00e1 un<strong>\u00a0<\/strong>55 por ciento\u00a0para las personas que cuentan con atribuciones sociales a trav\u00e9s de la tarjeta SUBE.<\/p>\n<p>Adem\u00e1s, en relaci\u00f3n a los servicios ferroviarios del AMBA, el proyecto expresa como boletos m\u00ednimos con tarjeta SUBE los siguientes montos:<strong>\u00a0<\/strong>10,75 pesos para la l\u00ednea Roca\u00a0y Belgrano Sur, 17,25 pesos para las l\u00edneas Mitre, Sarmiento y San Mart\u00edn; 11,25 pesos\u00a0 para la Urquiza; y 9,50 pesos para la Belgrano Norte.<\/p>\n<p>En ese marco, Transporte indic\u00f3 que \u201cresulta oportuna la implementaci\u00f3n de una instancia de participaci\u00f3n ciudadana para que la ciudadan\u00eda se exprese en la modificaci\u00f3n de los cuadros tarifarios aplicables a los servicios en cuesti\u00f3n, y as\u00ed garantizar los principios de\u00a0igualdad, publicidad, informalidad y gratuidadde todos los argentinos y argentinas\u201d. <strong>(VW)<\/strong><\/p>\n<p>&nbsp;<\/p>\n<p>&nbsp;<\/p>\n","protected":false},"excerpt":{"rendered":"<p>Las tarifas de colectivos, y trenes del AMBA\u00a0tendr\u00e1n un\u00a0aumento del 40 por ciento\u00a0que se aplicar\u00e1 a partir del 1\u00ba de agosto. Los subtes tambi\u00e9n.<\/p>\n","protected":false},"author":4,"featured_media":6520,"comment_status":"closed","ping_status":"closed","sticky":false,"template":"","format":"standard","meta":{"_monsterinsights_skip_tracking":false,"_monsterinsights_sitenote_active":false,"_monsterinsights_sitenote_note":"","_monsterinsights_sitenote_category":0,"footnotes":""},"categories":[6,5],"tags":[196,2666,2667,2665,90],"class_list":["post-6518","post","type-post","status-publish","format-standard","has-post-thumbnail","hentry","category-economia","category-sociedad","tag-amba","tag-aumento-del-40","tag-subtes","tag-tarifas-de-colectivos","tag-trenes"],"_links":{"self":[{"href":"https:\/\/www.visionweb.com.ar\/index.php?rest_route=\/wp\/v2\/posts\/6518","targetHints":{"allow":["GET"]}}],"collection":[{"href":"https:\/\/www.visionweb.com.ar\/index.php?rest_route=\/wp\/v2\/posts"}],"about":[{"href":"https:\/\/www.visionweb.com.ar\/index.php?rest_route=\/wp\/v2\/types\/post"}],"author":[{"embeddable":true,"href":"https:\/\/www.visionweb.com.ar\/index.php?rest_route=\/wp\/v2\/users\/4"}],"replies":[{"embeddable":true,"href":"https:\/\/www.visionweb.com.ar\/index.php?rest_route=%2Fwp%2Fv2%2Fcomments&post=6518"}],"version-history":[{"count":2,"href":"https:\/\/www.visionweb.com.ar\/index.php?rest_route=\/wp\/v2\/posts\/6518\/revisions"}],"predecessor-version":[{"id":6521,"href":"https:\/\/www.visionweb.com.ar\/index.php?rest_route=\/wp\/v2\/posts\/6518\/revisions\/6521"}],"wp:featuredmedia":[{"embeddable":true,"href":"https:\/\/www.visionweb.com.ar\/index.php?rest_route=\/wp\/v2\/media\/6520"}],"wp:attachment":[{"href":"https:\/\/www.visionweb.com.ar\/index.php?rest_route=%2Fwp%2Fv2%2Fmedia&parent=6518"}],"wp:term":[{"taxonomy":"category","embeddable":true,"href":"https:\/\/www.visionweb.com.ar\/index.php?rest_route=%2Fwp%2Fv2%2Fcategories&post=6518"},{"taxonomy":"post_tag","embeddable":true,"href":"https:\/\/www.visionweb.com.ar\/index.php?rest_route=%2Fwp%2Fv2%2Ftags&post=6518"}],"curies":[{"name":"wp","href":"https:\/\/api.w.org\/{rel}","templated":true}]}}