{"id":6500,"date":"2022-07-21T11:34:51","date_gmt":"2022-07-21T14:34:51","guid":{"rendered":"https:\/\/www.visionweb.com.ar\/?p=6500"},"modified":"2022-07-21T11:34:51","modified_gmt":"2022-07-21T14:34:51","slug":"con-pupi-zanetti-grindetti-inauguro-el-centro-recreativo-y-deportivo-de-parque-pineiro","status":"publish","type":"post","link":"https:\/\/www.visionweb.com.ar\/?p=6500","title":{"rendered":"Con Pupi Zanetti, Grindetti inaugur\u00f3 el \u201cCentro Recreativo y Deportivo de Parque Pi\u00f1eiro\u201d"},"content":{"rendered":"<p><em><strong>El importante polideportivo situado en Remedios de Escalada fue construido por la Fundaci\u00f3n Pupi mediante un convenio firmado con el Municipio.<\/strong><strong> \u201cLa fundaci\u00f3n es un ejemplo de trabajo comunitario\u201d, dijo Grindetti.<\/strong><\/em><strong>\u00a0<\/strong><!--more--><\/p>\n<div id=\"attachment_6502\" style=\"width: 310px\" class=\"wp-caption alignleft\"><img loading=\"lazy\" decoding=\"async\" aria-describedby=\"caption-attachment-6502\" class=\"wp-image-6502 size-medium\" src=\"https:\/\/www.visionweb.com.ar\/wp-content\/uploads\/2022\/07\/grindetti-y-pupi-corte-de-cinta-300x209.jpg\" alt=\"\" width=\"300\" height=\"209\" srcset=\"https:\/\/www.visionweb.com.ar\/wp-content\/uploads\/2022\/07\/grindetti-y-pupi-corte-de-cinta-300x209.jpg 300w, https:\/\/www.visionweb.com.ar\/wp-content\/uploads\/2022\/07\/grindetti-y-pupi-corte-de-cinta.jpg 672w\" sizes=\"auto, (max-width: 300px) 100vw, 300px\" \/><p id=\"caption-attachment-6502\" class=\"wp-caption-text\">\u00abGracias Pupi, y a todo tu equipo por lo que hacen por los chicos de nuestro Municipio\u00bb , expres\u00f3 Grindetti. (Fotos: Prensa de Lan\u00fas)<\/p><\/div>\n<p><strong>E<\/strong>l intendente, N\u00e9stor Grindetti, el jefe de Gabinete, Diego Kravetz y el vicepresidente del Inter de Mil\u00e1n, Javier\u00a0 Zanetti, realizaron el tradicional corte de cintas en el Centro Recreativo del Parque Pi\u00f1eiro (Los Patos 4297) con motivo de la inauguraci\u00f3n formal del moderno gimnasio erigido por la fundaci\u00f3n del famoso ex futbolista.<\/p>\n<p>\u00abGracias Pupi y a todo tu equipo por lo que hacen por los chicos de nuestro Municipio, la fundaci\u00f3n es un ejemplo de trabajo comunitario que busca darle oportunidades de integraci\u00f3n, progreso e igualdad de posibilidades desde el deporte y la educaci\u00f3n a cientos de chicos y familias, este centro recreativo es un sue\u00f1o que cumplimos todos los que estamos ac\u00e1\u00bb, expres\u00f3 Grindetti.<\/p>\n<p>El lugar que podr\u00e1 ser utilizado por todos los vecinos y vecinas de manera totalmente gratuita\u00a0 tiene un gimnasio techado con tribuna, canchas de voley, b\u00e1squet, c\u00e9sped sint\u00e9tico y de arena, donde se podr\u00e1 practicar f\u00fatbol playa o beach voley, inform\u00f3 Prensa de Lan\u00fas.<\/p>\n<p><img loading=\"lazy\" decoding=\"async\" class=\"size-medium wp-image-6503 alignright\" src=\"https:\/\/www.visionweb.com.ar\/wp-content\/uploads\/2022\/07\/grindetti-y-pupi-inauguracion-300x217.jpg\" alt=\"\" width=\"300\" height=\"217\" srcset=\"https:\/\/www.visionweb.com.ar\/wp-content\/uploads\/2022\/07\/grindetti-y-pupi-inauguracion-300x217.jpg 300w, https:\/\/www.visionweb.com.ar\/wp-content\/uploads\/2022\/07\/grindetti-y-pupi-inauguracion.jpg 672w\" sizes=\"auto, (max-width: 300px) 100vw, 300px\" \/>En cuanto a las actividades que funcionar\u00e1n en el predio situado en Remedios de Escalada, habr\u00e1 propuestas organizadas tanto por la Fundaci\u00f3n Pupi como por el Municipio, quien implementar\u00e1 los distintos programas desarrollados por el \u00e1rea de Deportes.<\/p>\n<p>Esta reconocida ONG trabaja en Lan\u00fas desde el 2001 con el objetivo de garantizar y proteger los derechos de los ni\u00f1os, ni\u00f1as y adolescentes mediante diferentes intervenciones territoriales que promueven el desarrollo de oportunidades para los sectores m\u00e1s vulnerables de la comunidad.<\/p>\n<p>Estuvieron,\u00a0el titular de la Fundaci\u00f3n Pupi, Andr\u00e9s De la Fuente,\u00a0el secretario de Educaci\u00f3n, Empleo y Deportes, Dami\u00e1n Sala y el\u00a0subsecretario de Deportes local, Gabriel Facal, entre otros.\u00a0<strong>(VW)<\/strong><\/p>\n<p>&nbsp;<\/p>\n","protected":false},"excerpt":{"rendered":"<p>El importante polideportivo situado en Remedios de Escalada fue construido por la Fundaci\u00f3n Pupi mediante un convenio firmado con el Municipio. \u201cLa fundaci\u00f3n es un ejemplo de trabajo comunitario\u201d, dijo Grindetti.\u00a0<\/p>\n","protected":false},"author":4,"featured_media":6503,"comment_status":"closed","ping_status":"closed","sticky":false,"template":"","format":"standard","meta":{"_monsterinsights_skip_tracking":false,"_monsterinsights_sitenote_active":false,"_monsterinsights_sitenote_note":"","_monsterinsights_sitenote_category":0,"footnotes":""},"categories":[8,5],"tags":[2660,18,2659,864],"class_list":["post-6500","post","type-post","status-publish","format-standard","has-post-thumbnail","hentry","category-interes-general","category-sociedad","tag-centro-deportivo-parque-pineiro","tag-grindetti","tag-pupi-zanetti","tag-remedios-de-escalada"],"_links":{"self":[{"href":"https:\/\/www.visionweb.com.ar\/index.php?rest_route=\/wp\/v2\/posts\/6500","targetHints":{"allow":["GET"]}}],"collection":[{"href":"https:\/\/www.visionweb.com.ar\/index.php?rest_route=\/wp\/v2\/posts"}],"about":[{"href":"https:\/\/www.visionweb.com.ar\/index.php?rest_route=\/wp\/v2\/types\/post"}],"author":[{"embeddable":true,"href":"https:\/\/www.visionweb.com.ar\/index.php?rest_route=\/wp\/v2\/users\/4"}],"replies":[{"embeddable":true,"href":"https:\/\/www.visionweb.com.ar\/index.php?rest_route=%2Fwp%2Fv2%2Fcomments&post=6500"}],"version-history":[{"count":2,"href":"https:\/\/www.visionweb.com.ar\/index.php?rest_route=\/wp\/v2\/posts\/6500\/revisions"}],"predecessor-version":[{"id":6504,"href":"https:\/\/www.visionweb.com.ar\/index.php?rest_route=\/wp\/v2\/posts\/6500\/revisions\/6504"}],"wp:featuredmedia":[{"embeddable":true,"href":"https:\/\/www.visionweb.com.ar\/index.php?rest_route=\/wp\/v2\/media\/6503"}],"wp:attachment":[{"href":"https:\/\/www.visionweb.com.ar\/index.php?rest_route=%2Fwp%2Fv2%2Fmedia&parent=6500"}],"wp:term":[{"taxonomy":"category","embeddable":true,"href":"https:\/\/www.visionweb.com.ar\/index.php?rest_route=%2Fwp%2Fv2%2Fcategories&post=6500"},{"taxonomy":"post_tag","embeddable":true,"href":"https:\/\/www.visionweb.com.ar\/index.php?rest_route=%2Fwp%2Fv2%2Ftags&post=6500"}],"curies":[{"name":"wp","href":"https:\/\/api.w.org\/{rel}","templated":true}]}}