{"id":6478,"date":"2022-07-20T08:35:42","date_gmt":"2022-07-20T11:35:42","guid":{"rendered":"https:\/\/www.visionweb.com.ar\/?p=6478"},"modified":"2022-07-20T08:35:42","modified_gmt":"2022-07-20T11:35:42","slug":"funcionarios-visitan-emprendimientos-sociales-en-almirante-brown","status":"publish","type":"post","link":"https:\/\/www.visionweb.com.ar\/?p=6478","title":{"rendered":"Funcionarios visitan emprendimientos sociales en Almirante Brown"},"content":{"rendered":"<p><em><strong>Los emprendimientos se llevan adelante en el marco del programa Potenciar Trabajo. La recorrida incluy\u00f3 una visita a la granja educativa Municipal.<\/strong><\/em>\u00a0 \u00a0 <!--more-->\u00a0 \u00a0 <img loading=\"lazy\" decoding=\"async\" class=\"size-medium wp-image-6479 alignright\" src=\"https:\/\/www.visionweb.com.ar\/wp-content\/uploads\/2022\/07\/RECORRIDA-300x138.png\" alt=\"\" width=\"300\" height=\"138\" srcset=\"https:\/\/www.visionweb.com.ar\/wp-content\/uploads\/2022\/07\/RECORRIDA-300x138.png 300w, https:\/\/www.visionweb.com.ar\/wp-content\/uploads\/2022\/07\/RECORRIDA-768x352.png 768w, https:\/\/www.visionweb.com.ar\/wp-content\/uploads\/2022\/07\/RECORRIDA.png 800w\" sizes=\"auto, (max-width: 300px) 100vw, 300px\" \/> \u00a0<strong>V<\/strong>arios de los proyectos productivos y emprendimientos en marcha que se realizan en el distrito de Almirante Brown fueron, recorridos por el secretario de Articulaci\u00f3n de Pol\u00edtica Social del Ministerio de Desarrollo Social de la Naci\u00f3n, Gustavo Aguilera, Mariano Cascallares y a Juan Fabiani.<\/p>\n<p>Estos emprendimeintos que se desarrollan en diversas localidades de Almirante Brown, se llevan adelante en el marco del programa nacional de inclusi\u00f3n socioproductiva Potenciar Trabajo.<\/p>\n<p style=\"font-weight: 400;\">\u00a0Los funcionarios supervisaron los proyectos en marcha del programa Potenciar Trabajo que se desarrolla en nuestro distrito.<\/p>\n<p style=\"font-weight: 400;\">\u00a0La recorrida se inici\u00f3 en la Panificadora Industrial del Municipio en Ministro Rivadavia donde se producen panificados abasteciendo a escuelas, comedores e instituciones locales.<\/p>\n<p style=\"font-weight: 400;\">\u00a0All\u00ed los funcionarios dialogaron con las y los trabajadores y se interiorizaron de todo el equipamiento y los materiales que viene sumando la Comuna browniana para continuar incrementando la producci\u00f3n de ese centro.<\/p>\n<p style=\"font-weight: 400;\">Posteriormente la recorrida sigui\u00f3 por la Granja Educativa Municipal donde visitaron la Huerta, la Feria de Productores Locales y las diferentes producciones que tiene ese espacio del Municipio de Almirante Brown.<\/p>\n<p style=\"font-weight: 400;\">\u00a0Finalmente recorrieron el Circuito de Longchamps donde se desarrolla la Feria de Productores y Emprendedores en el marco del programa Impulsar Desarrollo. Estos emprendimientos reciben el apoyo del Banco de Herramientas y de los Microcr\u00e9ditos del Ministerio de Desarrollo Social de la Naci\u00f3n.<\/p>\n<p style=\"font-weight: 400;\">\u00a0\u00abTenemos el compromiso de continuar promoviendo el empleo y la producci\u00f3n porque junto con la Educaci\u00f3n en todos los niveles son las mejores herramientas para seguir mejor\u00e1ndole la vida a nuestra gente\u00bb, precis\u00f3 Mariano Cascallares al t\u00e9rmino de la actividad junto a las y los funcionarios nacionales<strong>(VW)<\/strong>.<\/p>\n","protected":false},"excerpt":{"rendered":"<p>Los emprendimientos se llevan adelante en el marco del programa Potenciar Trabajo. La recorrida incluy\u00f3 una visita a la granja educativa Municipal.\u00a0 \u00a0<\/p>\n","protected":false},"author":3,"featured_media":6479,"comment_status":"closed","ping_status":"closed","sticky":false,"template":"","format":"standard","meta":{"_monsterinsights_skip_tracking":false,"_monsterinsights_sitenote_active":false,"_monsterinsights_sitenote_note":"","_monsterinsights_sitenote_category":0,"footnotes":""},"categories":[1],"tags":[],"class_list":["post-6478","post","type-post","status-publish","format-standard","has-post-thumbnail","hentry","category-uncategorized"],"_links":{"self":[{"href":"https:\/\/www.visionweb.com.ar\/index.php?rest_route=\/wp\/v2\/posts\/6478","targetHints":{"allow":["GET"]}}],"collection":[{"href":"https:\/\/www.visionweb.com.ar\/index.php?rest_route=\/wp\/v2\/posts"}],"about":[{"href":"https:\/\/www.visionweb.com.ar\/index.php?rest_route=\/wp\/v2\/types\/post"}],"author":[{"embeddable":true,"href":"https:\/\/www.visionweb.com.ar\/index.php?rest_route=\/wp\/v2\/users\/3"}],"replies":[{"embeddable":true,"href":"https:\/\/www.visionweb.com.ar\/index.php?rest_route=%2Fwp%2Fv2%2Fcomments&post=6478"}],"version-history":[{"count":1,"href":"https:\/\/www.visionweb.com.ar\/index.php?rest_route=\/wp\/v2\/posts\/6478\/revisions"}],"predecessor-version":[{"id":6480,"href":"https:\/\/www.visionweb.com.ar\/index.php?rest_route=\/wp\/v2\/posts\/6478\/revisions\/6480"}],"wp:featuredmedia":[{"embeddable":true,"href":"https:\/\/www.visionweb.com.ar\/index.php?rest_route=\/wp\/v2\/media\/6479"}],"wp:attachment":[{"href":"https:\/\/www.visionweb.com.ar\/index.php?rest_route=%2Fwp%2Fv2%2Fmedia&parent=6478"}],"wp:term":[{"taxonomy":"category","embeddable":true,"href":"https:\/\/www.visionweb.com.ar\/index.php?rest_route=%2Fwp%2Fv2%2Fcategories&post=6478"},{"taxonomy":"post_tag","embeddable":true,"href":"https:\/\/www.visionweb.com.ar\/index.php?rest_route=%2Fwp%2Fv2%2Ftags&post=6478"}],"curies":[{"name":"wp","href":"https:\/\/api.w.org\/{rel}","templated":true}]}}