{"id":6476,"date":"2022-07-20T08:49:58","date_gmt":"2022-07-20T11:49:58","guid":{"rendered":"https:\/\/www.visionweb.com.ar\/?p=6476"},"modified":"2022-07-20T08:49:58","modified_gmt":"2022-07-20T11:49:58","slug":"el-gobierno-anuncio-la-puesta-en-marcha-del-programa-pacientes-cuidados","status":"publish","type":"post","link":"https:\/\/www.visionweb.com.ar\/?p=6476","title":{"rendered":"El Gobierno anunci\u00f3 la puesta en marcha del programa \u00abPacientes Cuidados\u00bb"},"content":{"rendered":"<p><em><strong>Es para la poblaci\u00f3n sin obra social ni\u00a0prepaga. Contempla un descuento de 35% en medicamentos de prescripci\u00f3n. Aseguran que por 60 d\u00edas los precios se mantendr\u00e1n por debajo del \u00edndice de precios al consumidor.<\/strong><\/em><!--more--><\/p>\n<p><strong><img loading=\"lazy\" decoding=\"async\" class=\"size-full wp-image-6482 aligncenter\" src=\"https:\/\/www.visionweb.com.ar\/wp-content\/uploads\/2022\/07\/medicamentos.bmp\" alt=\"\" width=\"535\" height=\"378\" \/>E<\/strong>l Gobierno nacional anunci\u00f3 en la tarde de ayer la puesta en marcha del programa \u00abPacientes Cuidados\u00bb, mediante el cual ofrece un \u00ab35% de descuento en \u00abtodos los medicamentos de prescripci\u00f3n a la poblaci\u00f3n con cobertura p\u00fablica exclusiva\u00bb, es decir que no cuenta con obra social o prepaga.<\/p>\n<p>En conferencia de prensa desde la Casa Rosada anunciaron el nuevo programa, \u00a0la jefa de Gabinete del Ministerio de Salud, Sonia Tarragona, y el secretario de Comercio, Mart\u00edn Pollera, luego de una reuni\u00f3n con el presidente Alberto Fern\u00e1ndez.<\/p>\n<p>Se trata del programa \u00abPacientes Cuidados\u00bb que ofrece el beneficio en \u00abtodos los medicamentos de prescripci\u00f3n a la poblaci\u00f3n con cobertura p\u00fablica exclusiva\u00bb.<\/p>\n<p>A la vez, Tarragona anunci\u00f3 que se acord\u00f3 con las c\u00e1maras de empresas farmac\u00e9uticas que durante los pr\u00f3ximos 60 d\u00edas los precios de los medicamentos \u00abno van a estar por encima de la inflaci\u00f3n, sino que se van a mantener un punto por debajo del \u00cdndice de Precios al Consumidor (IPC) del mes anterior\u00bb. <strong>(VW)<\/strong><\/p>\n","protected":false},"excerpt":{"rendered":"<p>Es para la poblaci\u00f3n sin obra social ni\u00a0prepaga. Contempla un descuento de 35% en medicamentos de prescripci\u00f3n. Aseguran que por 60 d\u00edas los precios se mantendr\u00e1n por debajo del \u00edndice de precios al consumidor.<\/p>\n","protected":false},"author":4,"featured_media":6482,"comment_status":"closed","ping_status":"closed","sticky":false,"template":"","format":"standard","meta":{"_monsterinsights_skip_tracking":false,"_monsterinsights_sitenote_active":false,"_monsterinsights_sitenote_note":"","_monsterinsights_sitenote_category":0,"footnotes":""},"categories":[4,5],"tags":[451,1280,2653],"class_list":["post-6476","post","type-post","status-publish","format-standard","has-post-thumbnail","hentry","category-politica","category-sociedad","tag-descuentos","tag-medicamentos","tag-pacientes-cuidados"],"_links":{"self":[{"href":"https:\/\/www.visionweb.com.ar\/index.php?rest_route=\/wp\/v2\/posts\/6476","targetHints":{"allow":["GET"]}}],"collection":[{"href":"https:\/\/www.visionweb.com.ar\/index.php?rest_route=\/wp\/v2\/posts"}],"about":[{"href":"https:\/\/www.visionweb.com.ar\/index.php?rest_route=\/wp\/v2\/types\/post"}],"author":[{"embeddable":true,"href":"https:\/\/www.visionweb.com.ar\/index.php?rest_route=\/wp\/v2\/users\/4"}],"replies":[{"embeddable":true,"href":"https:\/\/www.visionweb.com.ar\/index.php?rest_route=%2Fwp%2Fv2%2Fcomments&post=6476"}],"version-history":[{"count":2,"href":"https:\/\/www.visionweb.com.ar\/index.php?rest_route=\/wp\/v2\/posts\/6476\/revisions"}],"predecessor-version":[{"id":6483,"href":"https:\/\/www.visionweb.com.ar\/index.php?rest_route=\/wp\/v2\/posts\/6476\/revisions\/6483"}],"wp:featuredmedia":[{"embeddable":true,"href":"https:\/\/www.visionweb.com.ar\/index.php?rest_route=\/wp\/v2\/media\/6482"}],"wp:attachment":[{"href":"https:\/\/www.visionweb.com.ar\/index.php?rest_route=%2Fwp%2Fv2%2Fmedia&parent=6476"}],"wp:term":[{"taxonomy":"category","embeddable":true,"href":"https:\/\/www.visionweb.com.ar\/index.php?rest_route=%2Fwp%2Fv2%2Fcategories&post=6476"},{"taxonomy":"post_tag","embeddable":true,"href":"https:\/\/www.visionweb.com.ar\/index.php?rest_route=%2Fwp%2Fv2%2Ftags&post=6476"}],"curies":[{"name":"wp","href":"https:\/\/api.w.org\/{rel}","templated":true}]}}