{"id":6472,"date":"2022-07-19T17:48:38","date_gmt":"2022-07-19T20:48:38","guid":{"rendered":"https:\/\/www.visionweb.com.ar\/?p=6472"},"modified":"2022-07-19T17:48:38","modified_gmt":"2022-07-19T20:48:38","slug":"acumar-comenzo-la-capacitacion-enmarcada-en-la-ley-yolanda","status":"publish","type":"post","link":"https:\/\/www.visionweb.com.ar\/?p=6472","title":{"rendered":"ACUMAR: Comenz\u00f3 la capacitaci\u00f3n enmarcada en la Ley Yolanda"},"content":{"rendered":"<p><em><strong>Se trata de una formaci\u00f3n obligatoria e integral en ambiente, con perspectiva de desarrollo sostenible y especial \u00e9nfasis en cambio clim\u00e1tico, destinada a personal y autoridades de la funci\u00f3n p\u00fablica.<\/strong><\/em><!--more--><\/p>\n<p><strong><img loading=\"lazy\" decoding=\"async\" class=\"size-full wp-image-6474 aligncenter\" src=\"https:\/\/www.visionweb.com.ar\/wp-content\/uploads\/2022\/07\/acumar-ley-yolanda.bmp\" alt=\"\" width=\"528\" height=\"308\" \/>A<\/strong> trav\u00e9s de la plataforma del\u00a0<a href=\"https:\/\/acumar.tr.pemsv06.net\/c\/eyJhIjoiYWN1bWFyIiwibSI6Im1haWxfY2w1czhpemRwYjl1djA4NjJrMWc3dHlhcSIsImwiOiJsaW5rXzEzZTI2NDUwOTg3ZWJmMzY3NDVjZWU5YjUyMGUyZDRlMzYyMjM0ZmMiLCJpIjpbXSwidSI6Imh0dHBzOi8vd3d3LmFyZ2VudGluYS5nb2IuYXIvamVmYXR1cmEvZ2VzdGlvbi15LWVtcGxlby1wdWJsaWNvL2luYXAiLCJjIjoiIiwiaCI6ImYxNjIzMyJ9\">Instituto Nacional de la Administraci\u00f3n P\u00fablica (INAP)<\/a>, impulsada por <a href=\"https:\/\/acumar.tr.pemsv06.net\/c\/eyJhIjoiYWN1bWFyIiwibSI6Im1haWxfY2w1czhpemRwYjl1djA4NjJrMWc3dHlhcSIsImwiOiJsaW5rXzI1MjFkMjlhYmQyZWMxZGM4NmI1YzJmYTNhZWI5MjBhOTRmMTc0YTYiLCJpIjpbXSwidSI6Imh0dHBzOi8vd3d3LmFyZ2VudGluYS5nb2IuYXIvYW1iaWVudGUiLCJjIjoiIiwiaCI6Ijk0ZDBlZCJ9\">Ministerio de Ambiente y Desarrollo Sostenible de la Naci\u00f3n<\/a>, y como parte de una primera etapa, 109 personas de la planta de la Autoridad de Cuenca y 15 funcionarias y funcionarios ya recibieron la capacitaci\u00f3n establecida por la Ley 27.592, denominada<a href=\"https:\/\/acumar.tr.pemsv06.net\/c\/eyJhIjoiYWN1bWFyIiwibSI6Im1haWxfY2w1czhpemRwYjl1djA4NjJrMWc3dHlhcSIsImwiOiJsaW5rXzFkNzMxZDU2MGZiZGE0NmUwODZmMDFjNjI2MDRkZGNmOGVjNDY1YzMiLCJpIjpbXSwidSI6Imh0dHBzOi8vd3d3LmFyZ2VudGluYS5nb2IuYXIvYW1iaWVudGUvbGV5LXlvbGFuZGEiLCJjIjoiIiwiaCI6ImE1NjU1ZiJ9\">\u00a0Ley Yolanda<\/a>, en honor a Yolanda Ort\u00edz, primera secretaria de Recursos Naturales y Ambiente Humano del pa\u00eds.<\/p>\n<p>La legislaci\u00f3n establece una instrucci\u00f3n integral y obligatoria en ambiente destinada a quienes se desempe\u00f1an en la funci\u00f3n p\u00fablica en todos sus niveles y jerarqu\u00edas en los poderes Ejecutivo, Legislativo y Judicial de la Naci\u00f3n.<\/p>\n<p>\u201cCelebramos la implementaci\u00f3n de una ley tan importante. Transversalizar el conocimiento vinculado al ambiente con una mirada integral e interdisciplinaria es indispensable para que el Estado pueda promover un desarrollo sostenible e inclusivo en todo el pa\u00eds\u201d, destac\u00f3 el presidente de ACUMAR, Mart\u00edn Sabbatella.<\/p>\n<p>La formaci\u00f3n busca promover reflexiones sobre la relaci\u00f3n entre la sociedad y la naturaleza, desde perspectivas que contemplen la complejidad, la interculturalidad y el di\u00e1logo de saberes, conforme indic\u00f3 Prensa de ACUMAR.<\/p>\n<p>En este sentido, emerge como un espacio para enriquecer el debate acerca de las m\u00faltiples posibilidades de prevenci\u00f3n y de acci\u00f3n que conlleva la gesti\u00f3n de pol\u00edticas p\u00fablicas dise\u00f1adas en clave ambiental.<\/p>\n<p>El curso consta de ocho m\u00f3dulos obligatorios. Los seis primeros son comunes para todas las personas y recorren temas como: el saber ambiental, desarrollo sostenible, econom\u00eda circular, cambio clim\u00e1tico, conservaci\u00f3n de la biodiversidad y los ecosistemas, eficiencia energ\u00e9tica y energ\u00edas renovables.<\/p>\n<p>Luego, se deber\u00e1n elegir dos m\u00f3dulos m\u00e1s, con tem\u00e1ticas optativas, que buscan ofrecer contenidos que resulten de inter\u00e9s personal o relacionados con las funciones desempe\u00f1adas por la persona o su organismo.<\/p>\n<p>ACUMAR proyecta que, hacia finales de 2022, un importante porcentaje de la planta y el funcionariado recibir\u00e1 esta capacitaci\u00f3n. <strong>(VW)<\/strong><\/p>\n<p>&nbsp;<\/p>\n","protected":false},"excerpt":{"rendered":"<p>Se trata de una formaci\u00f3n obligatoria e integral en ambiente, con perspectiva de desarrollo sostenible y especial \u00e9nfasis en cambio clim\u00e1tico, destinada a personal y autoridades de la funci\u00f3n p\u00fablica.<\/p>\n","protected":false},"author":4,"featured_media":6474,"comment_status":"closed","ping_status":"closed","sticky":false,"template":"","format":"standard","meta":{"_monsterinsights_skip_tracking":false,"_monsterinsights_sitenote_active":false,"_monsterinsights_sitenote_note":"","_monsterinsights_sitenote_category":0,"footnotes":""},"categories":[8],"tags":[442,2510,2652,607,2305],"class_list":["post-6472","post","type-post","status-publish","format-standard","has-post-thumbnail","hentry","category-interes-general","tag-acumar","tag-capacitaciones","tag-ley-yolanda","tag-medio-ambiente","tag-sabbatella"],"_links":{"self":[{"href":"https:\/\/www.visionweb.com.ar\/index.php?rest_route=\/wp\/v2\/posts\/6472","targetHints":{"allow":["GET"]}}],"collection":[{"href":"https:\/\/www.visionweb.com.ar\/index.php?rest_route=\/wp\/v2\/posts"}],"about":[{"href":"https:\/\/www.visionweb.com.ar\/index.php?rest_route=\/wp\/v2\/types\/post"}],"author":[{"embeddable":true,"href":"https:\/\/www.visionweb.com.ar\/index.php?rest_route=\/wp\/v2\/users\/4"}],"replies":[{"embeddable":true,"href":"https:\/\/www.visionweb.com.ar\/index.php?rest_route=%2Fwp%2Fv2%2Fcomments&post=6472"}],"version-history":[{"count":2,"href":"https:\/\/www.visionweb.com.ar\/index.php?rest_route=\/wp\/v2\/posts\/6472\/revisions"}],"predecessor-version":[{"id":6475,"href":"https:\/\/www.visionweb.com.ar\/index.php?rest_route=\/wp\/v2\/posts\/6472\/revisions\/6475"}],"wp:featuredmedia":[{"embeddable":true,"href":"https:\/\/www.visionweb.com.ar\/index.php?rest_route=\/wp\/v2\/media\/6474"}],"wp:attachment":[{"href":"https:\/\/www.visionweb.com.ar\/index.php?rest_route=%2Fwp%2Fv2%2Fmedia&parent=6472"}],"wp:term":[{"taxonomy":"category","embeddable":true,"href":"https:\/\/www.visionweb.com.ar\/index.php?rest_route=%2Fwp%2Fv2%2Fcategories&post=6472"},{"taxonomy":"post_tag","embeddable":true,"href":"https:\/\/www.visionweb.com.ar\/index.php?rest_route=%2Fwp%2Fv2%2Ftags&post=6472"}],"curies":[{"name":"wp","href":"https:\/\/api.w.org\/{rel}","templated":true}]}}