{"id":6469,"date":"2022-07-19T17:11:25","date_gmt":"2022-07-19T20:11:25","guid":{"rendered":"https:\/\/www.visionweb.com.ar\/?p=6469"},"modified":"2022-07-19T17:11:25","modified_gmt":"2022-07-19T20:11:25","slug":"un-toro-limousin-fue-el-primer-animal-que-ingreso-a-la-rural","status":"publish","type":"post","link":"https:\/\/www.visionweb.com.ar\/?p=6469","title":{"rendered":"Un toro Limousin fue el primer animal que ingreso a La Rural"},"content":{"rendered":"<p><strong><em>El corte de cintas, a diferencia de otros a\u00f1os, en esta ocasi\u00f3n se hizo con la llegada del primer animal. Asistieron el alcalde de Buenos Aires, Horacio Rodr\u00edguez Larreta y el viceministro de Agricultura, Mat\u00edas Lestani.<\/em><\/strong><!--more--><\/p>\n<p><img loading=\"lazy\" decoding=\"async\" class=\"size-medium wp-image-6470 alignright\" src=\"https:\/\/www.visionweb.com.ar\/wp-content\/uploads\/2022\/07\/Limousin-300x169.png\" alt=\"\" width=\"300\" height=\"169\" srcset=\"https:\/\/www.visionweb.com.ar\/wp-content\/uploads\/2022\/07\/Limousin-300x169.png 300w, https:\/\/www.visionweb.com.ar\/wp-content\/uploads\/2022\/07\/Limousin-768x432.png 768w, https:\/\/www.visionweb.com.ar\/wp-content\/uploads\/2022\/07\/Limousin.png 800w\" sizes=\"auto, (max-width: 300px) 100vw, 300px\" \/> \u00a0<strong>U<\/strong>n toro Limousin fue el primer animal en ingresar hoy al predio de Palermo de la Expo Rural 2022.<\/p>\n<p>Se trata de Cotilerio Nicanor de Caba\u00f1a La Cotidiana, de Italo Lattanti , de Chenaut, Exaltaci\u00f3n de la Cruz (Capilla del Se\u00f1or), Buenos Aires.<\/p>\n<p>Este ejemplar que obtuvo el premio Gran Campe\u00f3n Macho, en la edici\u00f3n 2019 de la muestra. La raza continental Limousin, de origen franc\u00e9s llega este a\u00f1o a La Rural con unos 50 ejemplares de 10 caba\u00f1as de Buenos Aires, C\u00f3rdoba, Santa Fe y Entre R\u00edos.<\/p>\n<p>A diferencia de otros a\u00f1os, el corte de cintas correspondiente a la 134\u00aa de la tradicional muestra ganadera que se hac\u00eda el primer d\u00eda en que quedaba habilitada al p\u00fablico, este a\u00f1o se concret\u00f3 con la llegada del primer animal.<\/p>\n<p>En la recepci\u00f3n del toro Cotilerio Nicanor estuvieron presentes\u00a0 el presidente de la Sociedad Rural Argentina, Nicol\u00e1s Pino; el de La Rural SA, Gast\u00f3n Lernoud; el titular de Confederaciones Rurales Argentinas, Jorge Chemes, el vicepresidente de Coninagro, Elbio Laucirica y el vicepresidente de la Federaci\u00f3n Agraria Argentina, Mart\u00edn Espada.<\/p>\n<p>Por parte de los organismos oficiales asistieron y el jefe de Gobierno Porte\u00f1o, Horacio Rodr\u00edguez Larreta y el vice ministro de Agricultura, Ganader\u00eda y Pesca, Mat\u00edas Lestani<strong>(VW\/NAP)<\/strong>.<\/p>\n","protected":false},"excerpt":{"rendered":"<p>El corte de cintas, a diferencia de otros a\u00f1os, en esta ocasi\u00f3n se hizo con la llegada del primer animal. Asistieron el alcalde de Buenos Aires, Horacio Rodr\u00edguez Larreta y el viceministro de Agricultura,&#46;&#46;&#46;<\/p>\n","protected":false},"author":3,"featured_media":6470,"comment_status":"closed","ping_status":"closed","sticky":false,"template":"","format":"standard","meta":{"_monsterinsights_skip_tracking":false,"_monsterinsights_sitenote_active":false,"_monsterinsights_sitenote_note":"","_monsterinsights_sitenote_category":0,"footnotes":""},"categories":[8],"tags":[2176,2649,2651,2650],"class_list":["post-6469","post","type-post","status-publish","format-standard","has-post-thumbnail","hentry","category-interes-general","tag-la-rural","tag-limousin","tag-palermo","tag-toro"],"_links":{"self":[{"href":"https:\/\/www.visionweb.com.ar\/index.php?rest_route=\/wp\/v2\/posts\/6469","targetHints":{"allow":["GET"]}}],"collection":[{"href":"https:\/\/www.visionweb.com.ar\/index.php?rest_route=\/wp\/v2\/posts"}],"about":[{"href":"https:\/\/www.visionweb.com.ar\/index.php?rest_route=\/wp\/v2\/types\/post"}],"author":[{"embeddable":true,"href":"https:\/\/www.visionweb.com.ar\/index.php?rest_route=\/wp\/v2\/users\/3"}],"replies":[{"embeddable":true,"href":"https:\/\/www.visionweb.com.ar\/index.php?rest_route=%2Fwp%2Fv2%2Fcomments&post=6469"}],"version-history":[{"count":1,"href":"https:\/\/www.visionweb.com.ar\/index.php?rest_route=\/wp\/v2\/posts\/6469\/revisions"}],"predecessor-version":[{"id":6471,"href":"https:\/\/www.visionweb.com.ar\/index.php?rest_route=\/wp\/v2\/posts\/6469\/revisions\/6471"}],"wp:featuredmedia":[{"embeddable":true,"href":"https:\/\/www.visionweb.com.ar\/index.php?rest_route=\/wp\/v2\/media\/6470"}],"wp:attachment":[{"href":"https:\/\/www.visionweb.com.ar\/index.php?rest_route=%2Fwp%2Fv2%2Fmedia&parent=6469"}],"wp:term":[{"taxonomy":"category","embeddable":true,"href":"https:\/\/www.visionweb.com.ar\/index.php?rest_route=%2Fwp%2Fv2%2Fcategories&post=6469"},{"taxonomy":"post_tag","embeddable":true,"href":"https:\/\/www.visionweb.com.ar\/index.php?rest_route=%2Fwp%2Fv2%2Ftags&post=6469"}],"curies":[{"name":"wp","href":"https:\/\/api.w.org\/{rel}","templated":true}]}}