{"id":6464,"date":"2022-07-19T08:46:53","date_gmt":"2022-07-19T11:46:53","guid":{"rendered":"https:\/\/www.visionweb.com.ar\/?p=6464"},"modified":"2022-07-19T08:46:53","modified_gmt":"2022-07-19T11:46:53","slug":"jubilaciones-el-gobierno-extendio-la-moratoria-previsional","status":"publish","type":"post","link":"https:\/\/www.visionweb.com.ar\/?p=6464","title":{"rendered":"Jubilaciones: el Gobierno extendi\u00f3 la moratoria previsional"},"content":{"rendered":"<p><em><strong>Regir\u00e1 hasta que se firme una nueva ley en el Congreso nacional. La decisi\u00f3n beneficia a miles de personas que no cuentan con suficientes a\u00f1os de aportes.<\/strong><\/em><!--more--><\/p>\n<p><strong> <img loading=\"lazy\" decoding=\"async\" class=\"size-full wp-image-6467 aligncenter\" src=\"https:\/\/www.visionweb.com.ar\/wp-content\/uploads\/2022\/07\/jubilados-anses.bmp\" alt=\"\" width=\"637\" height=\"348\" \/>E<\/strong>l presidente Alberto Fern\u00e1ndez firm\u00f3 en la tarde del lunes la pr\u00f3rroga de\u00a0 moratoria previsional que venc\u00eda el pr\u00f3ximo 23 de julio, tras reunirse en Casa Rosada, con la titular de Anses, Fernanda Raverta.<\/p>\n<p>De acuerdo a un comunicado de la Casa Rosada, la extensi\u00f3n del plazo ser\u00e1 \u00abhasta que el Congreso sancione una nueva Ley\u00bb de moratoria previsional.<\/p>\n<p>A la vez, en el documento indicaron que: \u00abLa moratoria previsional fue una pol\u00edtica indispensable en la Argentina para garantizar que millones de mujeres mayores puedan acceder a su jubilaci\u00f3n.\u00a0De este modo, el Gobierno nacional reforz\u00f3 el compromiso de garantizar que todas las personas mayores, despu\u00e9s de toda una vida de trabajo, puedan acceder a su jubilaci\u00f3n\u00bb.<\/p>\n<p>La iniciativa beneficiar\u00e1 a alrededor de 740 mil personas pr\u00f3ximos a cumplir la edad de retiro y que no cuentan con los 30 a\u00f1os de aportes previsionales exigidos por ley.<\/p>\n<p>El proyecto ya hab\u00eda sido aprobado en el Senado, pero estaba estancado en Diputados. A la vez, ya hace algunas semanas, varios proyectos de ley circulan por el Congreso con el objetivo de dar una respuesta a esta situaci\u00f3n. El de mayor trascendencia es uno que crea un plan de pagos de deuda previsional.<\/p>\n<p>Esta iniciativa contempla un plan de pagos mensual equivalente al 29 por ciento de la remuneraci\u00f3n m\u00ednima imponible y que ser\u00e1 descontado de manera directa del haber jubilatorio, y es para el caso de las personas que est\u00e9n en edad de jubilarse y no tengan los 30 a\u00f1os de aportes.<\/p>\n<p>Tambi\u00e9n esta propuesta trae otra opci\u00f3n para los que quieran cancelar en cuotas con anticipaci\u00f3n su deuda previsional: \u00abEsa es la novedad: si vos ten\u00e9s 55 a\u00f1os y te das cuenta que en 10 a\u00f1os no vas a llegar con los aportes pod\u00e9s adelantarte e ir cancelando de tu bolsillo\u00bb, hab\u00eda explicado a este diario Mariano Recalde, senador autor del proyecto junto a Anabel Fern\u00e1ndez Sagasti. <strong>(VW)<\/strong><\/p>\n<p>&nbsp;<\/p>\n<p>&nbsp;<\/p>\n","protected":false},"excerpt":{"rendered":"<p>Regir\u00e1 hasta que se firme una nueva ley en el Congreso nacional. La decisi\u00f3n beneficia a miles de personas que no cuentan con suficientes a\u00f1os de aportes.<\/p>\n","protected":false},"author":4,"featured_media":6467,"comment_status":"closed","ping_status":"closed","sticky":false,"template":"","format":"standard","meta":{"_monsterinsights_skip_tracking":false,"_monsterinsights_sitenote_active":false,"_monsterinsights_sitenote_note":"","_monsterinsights_sitenote_category":0,"footnotes":""},"categories":[4,5],"tags":[44,300,2647,2648],"class_list":["post-6464","post","type-post","status-publish","format-standard","has-post-thumbnail","hentry","category-politica","category-sociedad","tag-alberto-fernandez","tag-anses","tag-junilaciones","tag-prorroga-moratoria"],"_links":{"self":[{"href":"https:\/\/www.visionweb.com.ar\/index.php?rest_route=\/wp\/v2\/posts\/6464","targetHints":{"allow":["GET"]}}],"collection":[{"href":"https:\/\/www.visionweb.com.ar\/index.php?rest_route=\/wp\/v2\/posts"}],"about":[{"href":"https:\/\/www.visionweb.com.ar\/index.php?rest_route=\/wp\/v2\/types\/post"}],"author":[{"embeddable":true,"href":"https:\/\/www.visionweb.com.ar\/index.php?rest_route=\/wp\/v2\/users\/4"}],"replies":[{"embeddable":true,"href":"https:\/\/www.visionweb.com.ar\/index.php?rest_route=%2Fwp%2Fv2%2Fcomments&post=6464"}],"version-history":[{"count":3,"href":"https:\/\/www.visionweb.com.ar\/index.php?rest_route=\/wp\/v2\/posts\/6464\/revisions"}],"predecessor-version":[{"id":6468,"href":"https:\/\/www.visionweb.com.ar\/index.php?rest_route=\/wp\/v2\/posts\/6464\/revisions\/6468"}],"wp:featuredmedia":[{"embeddable":true,"href":"https:\/\/www.visionweb.com.ar\/index.php?rest_route=\/wp\/v2\/media\/6467"}],"wp:attachment":[{"href":"https:\/\/www.visionweb.com.ar\/index.php?rest_route=%2Fwp%2Fv2%2Fmedia&parent=6464"}],"wp:term":[{"taxonomy":"category","embeddable":true,"href":"https:\/\/www.visionweb.com.ar\/index.php?rest_route=%2Fwp%2Fv2%2Fcategories&post=6464"},{"taxonomy":"post_tag","embeddable":true,"href":"https:\/\/www.visionweb.com.ar\/index.php?rest_route=%2Fwp%2Fv2%2Ftags&post=6464"}],"curies":[{"name":"wp","href":"https:\/\/api.w.org\/{rel}","templated":true}]}}