{"id":6439,"date":"2022-07-15T08:49:24","date_gmt":"2022-07-15T11:49:24","guid":{"rendered":"https:\/\/www.visionweb.com.ar\/?p=6439"},"modified":"2022-07-14T23:58:14","modified_gmt":"2022-07-15T02:58:14","slug":"la-inflacion-no-da-tregua-el-ipc-subio-53","status":"publish","type":"post","link":"https:\/\/www.visionweb.com.ar\/?p=6439","title":{"rendered":"La inflaci\u00f3n no da tregua el IPC subi\u00f3 5,3%"},"content":{"rendered":"<p><strong><em>En mayo parec\u00eda que la sentencia del ex ministro Mart\u00edn Guzm\u00e1n de que el costo de vida iba a tender a la baja en lo que resta del a\u00f1o se podr\u00eda llegar a cumplir, pero en junio la desaceleraci\u00f3n se interrumpi\u00f3.<\/em><\/strong><!--more--><\/p>\n<p><strong>\u00a0 \u00a0 <img loading=\"lazy\" decoding=\"async\" class=\"size-medium wp-image-3477 alignright\" src=\"https:\/\/www.visionweb.com.ar\/wp-content\/uploads\/2021\/11\/CONTROL-DE-PRECIOS-300x173.png\" alt=\"\" width=\"300\" height=\"173\" srcset=\"https:\/\/www.visionweb.com.ar\/wp-content\/uploads\/2021\/11\/CONTROL-DE-PRECIOS-300x173.png 300w, https:\/\/www.visionweb.com.ar\/wp-content\/uploads\/2021\/11\/CONTROL-DE-PRECIOS-768x442.png 768w, https:\/\/www.visionweb.com.ar\/wp-content\/uploads\/2021\/11\/CONTROL-DE-PRECIOS.png 800w\" sizes=\"auto, (max-width: 300px) 100vw, 300px\" \/>\u00a0 L<\/strong>a inflaci\u00f3n subi\u00f3 en junio 5,3% respecto del mes anterior, seg\u00fan inform\u00f3 este jueves el Instituto Nacional de Estad\u00edstica y Censos (INDEC).<\/p>\n<p>El mes pasado, el \u00cdndice de Precios al Consumidor (IPC) minorista acumul\u00f3 un incremento del 36,2%, mientras que en t\u00e9rminos interanuales creci\u00f3 el 64%, public\u00f3 el organismo que conduce Marco Lavagna.<\/p>\n<p>En mayo parec\u00eda que la sentencia del ex ministro Mart\u00edn Guzm\u00e1n de que el costo de vida iba a tender a la baja en lo que resta del a\u00f1o se podr\u00eda llegar a cumplir, pero en junio la desaceleraci\u00f3n se interrumpi\u00f3.<\/p>\n<p>El rubro que mayor incremento registr\u00f3 en junio fue la salud, con el 7,4%, seguido por los gastos en vivienda, agua, gas y electricidad con el 6,8%.<\/p>\n<h3 style=\"text-align: center;\"><span style=\"color: #0000ff;\"><em><strong>Se observa una tendencia a la baja del consumo en los supermercados<\/strong><\/em><\/span><\/h3>\n<p>Un pelda\u00f1o m\u00e1s abajo se ubic\u00f3 bebidas alcoh\u00f3licas y tabaco con el 6,7%; restaurantes y hoteles, 6,2%; equipamiento del hogar, 6%; prendas de vestir, 5,8% y bienes y servicios varios, 5%. Luego aparecieron transporte con el 4,7% y alimentos y bebidas no alcoh\u00f3licas, con el 4,6%; recreaci\u00f3n y cultura, 4,3%, educaci\u00f3n y comunicaci\u00f3n 0,4%.<\/p>\n<p>El mes pasado hubo un cierto impacto del aumento internacional del precio de los alimentos, por un lado, y se volcaron m\u00e1s pesos al mercado por medio de la segunda cuota del bono de $18.000 para desocupados, monotributistas A y B, trabajadores de casas particulares y dem\u00e1s, y varias actualizaciones salariales mediante adelanto de paritarias. Adem\u00e1s de ello hubo suba de algunos regulados. En el sentido inverso jug\u00f3 una desaceleraci\u00f3n fuerte del precio de la carne. En junio los cortes m\u00e1s populares subieron 1,4% estim\u00f3 el Centro de Econom\u00eda Pol\u00edtica Argentina (CEPA).<\/p>\n<p>Un punto a tener en cuenta en relaci\u00f3n a junio es que se viene profundizando la tendencia a una ca\u00edda del consumo en los supermercados. De acuerdo con un reporte de Scanntech, que lleva a cabo un relevamiento mensual en 1400 puntos de venta en el pa\u00eds y procesa 3,7 millones de tickets, el mes pasado las compras cayeron en t\u00e9rminos reales el 4,5%, aunque el precio de los productos creci\u00f3 59,6%. La tendencia arranc\u00f3 en febrero con una baja del consumo del 3%; marzo, 7,9%; abril, 8,7%; y mayo 6,7%.<strong>(VW)<\/strong><\/p>\n","protected":false},"excerpt":{"rendered":"<p>En mayo parec\u00eda que la sentencia del ex ministro Mart\u00edn Guzm\u00e1n de que el costo de vida iba a tender a la baja en lo que resta del a\u00f1o se podr\u00eda llegar a cumplir,&#46;&#46;&#46;<\/p>\n","protected":false},"author":3,"featured_media":3477,"comment_status":"closed","ping_status":"closed","sticky":false,"template":"","format":"standard","meta":{"_monsterinsights_skip_tracking":false,"_monsterinsights_sitenote_active":false,"_monsterinsights_sitenote_note":"","_monsterinsights_sitenote_category":0,"footnotes":""},"categories":[6],"tags":[327,774,365],"class_list":["post-6439","post","type-post","status-publish","format-standard","has-post-thumbnail","hentry","category-economia","tag-ipc","tag-junio","tag-supermercados"],"_links":{"self":[{"href":"https:\/\/www.visionweb.com.ar\/index.php?rest_route=\/wp\/v2\/posts\/6439","targetHints":{"allow":["GET"]}}],"collection":[{"href":"https:\/\/www.visionweb.com.ar\/index.php?rest_route=\/wp\/v2\/posts"}],"about":[{"href":"https:\/\/www.visionweb.com.ar\/index.php?rest_route=\/wp\/v2\/types\/post"}],"author":[{"embeddable":true,"href":"https:\/\/www.visionweb.com.ar\/index.php?rest_route=\/wp\/v2\/users\/3"}],"replies":[{"embeddable":true,"href":"https:\/\/www.visionweb.com.ar\/index.php?rest_route=%2Fwp%2Fv2%2Fcomments&post=6439"}],"version-history":[{"count":1,"href":"https:\/\/www.visionweb.com.ar\/index.php?rest_route=\/wp\/v2\/posts\/6439\/revisions"}],"predecessor-version":[{"id":6440,"href":"https:\/\/www.visionweb.com.ar\/index.php?rest_route=\/wp\/v2\/posts\/6439\/revisions\/6440"}],"wp:featuredmedia":[{"embeddable":true,"href":"https:\/\/www.visionweb.com.ar\/index.php?rest_route=\/wp\/v2\/media\/3477"}],"wp:attachment":[{"href":"https:\/\/www.visionweb.com.ar\/index.php?rest_route=%2Fwp%2Fv2%2Fmedia&parent=6439"}],"wp:term":[{"taxonomy":"category","embeddable":true,"href":"https:\/\/www.visionweb.com.ar\/index.php?rest_route=%2Fwp%2Fv2%2Fcategories&post=6439"},{"taxonomy":"post_tag","embeddable":true,"href":"https:\/\/www.visionweb.com.ar\/index.php?rest_route=%2Fwp%2Fv2%2Ftags&post=6439"}],"curies":[{"name":"wp","href":"https:\/\/api.w.org\/{rel}","templated":true}]}}