{"id":6434,"date":"2022-07-14T15:28:44","date_gmt":"2022-07-14T18:28:44","guid":{"rendered":"https:\/\/www.visionweb.com.ar\/?p=6434"},"modified":"2022-07-14T15:28:44","modified_gmt":"2022-07-14T18:28:44","slug":"volver-a-empezar-la-superluna-de-ciervo-mas-grande-y-luminosa-en-todo-el-mundo","status":"publish","type":"post","link":"https:\/\/www.visionweb.com.ar\/?p=6434","title":{"rendered":"\u00abVolver a empezar\u00bb: La Superluna de Ciervo, m\u00e1s grande y luminosa en todo el mundo"},"content":{"rendered":"<p><em><strong>Este fen\u00f3meno astrol\u00f3gico inusual y mundial permitir\u00e1 ver a la Luna mucho m\u00e1s grande de lo habitual. Se llama de ciervo, porque en el hemisferio norte, a los ciervos machos les crecen nuevas astas,\u00a0y tambi\u00e9n ese aspecto se lo considera como una manera de \u00abvolver a empezar\u00bb.<\/strong><\/em><!--more--><\/p>\n<p><strong>\u00a0\u00a0\u00a0\u00a0\u00a0\u00a0 <img loading=\"lazy\" decoding=\"async\" class=\"size-full wp-image-6436 aligncenter\" src=\"https:\/\/www.visionweb.com.ar\/wp-content\/uploads\/2022\/07\/superluna-del-ciervo-2.bmp\" alt=\"\" width=\"535\" height=\"313\" \/>\u00a0\u00a0\u00a0\u00a0\u00a0\u00a0\u00a0\u00a0\u00a0\u00a0 L<\/strong>a Superluna de Ciervo se apoderar\u00e1 del cielo hasta el pr\u00f3ximo viernes 15. Durante estos d\u00edas se la podr\u00e1 ver casi un 7% m\u00e1s grande\u00a0que cualquier luna llena corriente. Adem\u00e1s alcanzar\u00e1 el m\u00e1ximo nivel de luminosidad de todo el a\u00f1o.<\/p>\n<p>As\u00ed, el mundo se prepara para vivir\u00a0este nuevo acontecimiento astrol\u00f3gico\u00a0que ser\u00e1 el m\u00e1s importante de este mes, y\u00a0ser\u00e1 visible desde cualquier punto del planeta durante la noche. Adem\u00e1s,\u00a0podr\u00e1 observarse a simple vista, sin necesidad de utilizar binoculares, filtros ni telescopios.<\/p>\n<p><strong>\u00a0<\/strong>Una superluna se produce cuando la luna llena coincide con el mayor acercamiento del sat\u00e9lite a la Tierra en su \u00f3rbita el\u00edptica, conocido como perigeo lunar. Seg\u00fan la NASA, este t\u00e9rmino fue acu\u00f1ado por primera vez en 1979 por el astr\u00f3logo Richard Nolle, y\u00a0se caracteriza por poder verse s\u00f3lo tres o cuatro veces al a\u00f1o.<\/p>\n<p>La Nasa explic\u00f3 que la Superluna se da cuando el sat\u00e9lite se encuentra m\u00e1s cerca de la Tierra en su fase llena y eso hace que se pueda ver m\u00e1s grande y luminosa.<\/p>\n<p>Se la conoce con este nombre porque en el hemisferio norte, los ciervos machos desarrollan completamente sus cuernos en julio.\u00a0Las astas de los machos se mudan y\u00a0vuelven a crecer cada a\u00f1o, haci\u00e9ndose m\u00e1s grandes a medida que los animales envejecen.<\/p>\n<p>Al respecto, seg\u00fan National Geographic\u00a0se le dio este nombre al evento porque al crecimiento de las nuevas astas,\u00a0 se lo relaciona como una manera de \u00abvolver a empezar\u00bb.<\/p>\n<div id=\"attachment_6437\" style=\"width: 618px\" class=\"wp-caption aligncenter\"><a href=\"https:\/\/www.visionweb.com.ar\/wp-content\/uploads\/2022\/07\/superluna-del-ciervo1.bmp\"><img loading=\"lazy\" decoding=\"async\" aria-describedby=\"caption-attachment-6437\" class=\"wp-image-6437 size-full\" src=\"https:\/\/www.visionweb.com.ar\/wp-content\/uploads\/2022\/07\/superluna-del-ciervo1.bmp\" alt=\"\" width=\"608\" height=\"381\" \/><\/a><p id=\"caption-attachment-6437\" class=\"wp-caption-text\">La superluna podr\u00e1 verse desde cualquier punto del Planeta. (Fotos:internet)<\/p><\/div>\n<p>El evento se podr\u00e1 apreciar hasta el viernes. Ayer en la Argentina comenz\u00f3 a verse pasadas las 18 \u201cun 7% mas grande de lo habitual y un 16% mas brillante\u201d\u00a0de color blanco.<\/p>\n<p>Mientras tanto, en el Hemisferio Norte luego del atardecer empez\u00f3 a hacerse visible, cuando alcanz\u00f3 su perigeo, es decir la distancia m\u00e1s cercana a la Tierra, que son 357.264 kil\u00f3metros, y el m\u00e1ximo nivel de luminosidad en todo el a\u00f1o.<\/p>\n<p>Podr\u00e1 apreciarse este fen\u00f3meno hasta este viernes pr\u00f3ximo, mientras que la pr\u00f3xima superluna ser\u00e1 el 12 de agosto.<strong>\u00a0(VW)<\/strong><\/p>\n<p>&nbsp;<\/p>\n<p>&nbsp;<\/p>\n","protected":false},"excerpt":{"rendered":"<p>Este fen\u00f3meno astrol\u00f3gico inusual y mundial permitir\u00e1 ver a la Luna mucho m\u00e1s grande de lo habitual. Se llama de ciervo, porque en el hemisferio norte, a los ciervos machos les crecen nuevas astas,\u00a0y&#46;&#46;&#46;<\/p>\n","protected":false},"author":4,"featured_media":6437,"comment_status":"closed","ping_status":"closed","sticky":false,"template":"","format":"standard","meta":{"_monsterinsights_skip_tracking":false,"_monsterinsights_sitenote_active":false,"_monsterinsights_sitenote_note":"","_monsterinsights_sitenote_category":0,"footnotes":""},"categories":[8],"tags":[2633,2634,2632],"class_list":["post-6434","post","type-post","status-publish","format-standard","has-post-thumbnail","hentry","category-interes-general","tag-fenomeno-astrlogico","tag-perigeo-lunar","tag-superluna-de-ciervo"],"_links":{"self":[{"href":"https:\/\/www.visionweb.com.ar\/index.php?rest_route=\/wp\/v2\/posts\/6434","targetHints":{"allow":["GET"]}}],"collection":[{"href":"https:\/\/www.visionweb.com.ar\/index.php?rest_route=\/wp\/v2\/posts"}],"about":[{"href":"https:\/\/www.visionweb.com.ar\/index.php?rest_route=\/wp\/v2\/types\/post"}],"author":[{"embeddable":true,"href":"https:\/\/www.visionweb.com.ar\/index.php?rest_route=\/wp\/v2\/users\/4"}],"replies":[{"embeddable":true,"href":"https:\/\/www.visionweb.com.ar\/index.php?rest_route=%2Fwp%2Fv2%2Fcomments&post=6434"}],"version-history":[{"count":2,"href":"https:\/\/www.visionweb.com.ar\/index.php?rest_route=\/wp\/v2\/posts\/6434\/revisions"}],"predecessor-version":[{"id":6438,"href":"https:\/\/www.visionweb.com.ar\/index.php?rest_route=\/wp\/v2\/posts\/6434\/revisions\/6438"}],"wp:featuredmedia":[{"embeddable":true,"href":"https:\/\/www.visionweb.com.ar\/index.php?rest_route=\/wp\/v2\/media\/6437"}],"wp:attachment":[{"href":"https:\/\/www.visionweb.com.ar\/index.php?rest_route=%2Fwp%2Fv2%2Fmedia&parent=6434"}],"wp:term":[{"taxonomy":"category","embeddable":true,"href":"https:\/\/www.visionweb.com.ar\/index.php?rest_route=%2Fwp%2Fv2%2Fcategories&post=6434"},{"taxonomy":"post_tag","embeddable":true,"href":"https:\/\/www.visionweb.com.ar\/index.php?rest_route=%2Fwp%2Fv2%2Ftags&post=6434"}],"curies":[{"name":"wp","href":"https:\/\/api.w.org\/{rel}","templated":true}]}}