{"id":6424,"date":"2022-07-14T11:23:43","date_gmt":"2022-07-14T14:23:43","guid":{"rendered":"https:\/\/www.visionweb.com.ar\/?p=6424"},"modified":"2022-07-14T11:23:43","modified_gmt":"2022-07-14T14:23:43","slug":"acumar-habra-audiencia-publica-y-ya-esta-abierta-la-inscripcion","status":"publish","type":"post","link":"https:\/\/www.visionweb.com.ar\/?p=6424","title":{"rendered":"ACUMAR: Habr\u00e1 Audiencia P\u00fablica y ya est\u00e1 abierta la inscripci\u00f3n"},"content":{"rendered":"<p><em><strong>Ser\u00e1 el pr\u00f3ximo 29 de julio y se tratar\u00e1 el Plan de Relocalizaci\u00f3n y Urbanizaci\u00f3n de Villas y Asentamientos Precarios. Con modalidad presencial y virtual, y transmisi\u00f3n a trav\u00e9s de YouTube del organismo.<\/strong><\/em><!--more--><\/p>\n<p><strong><img loading=\"lazy\" decoding=\"async\" class=\"size-full wp-image-6426 aligncenter\" src=\"https:\/\/www.visionweb.com.ar\/wp-content\/uploads\/2022\/07\/acumar-audiencia-29-07-22.bmp\" alt=\"\" width=\"655\" height=\"382\" \/>L<\/strong>a nueva Audiencia P\u00fablica, aprobada en el \u00faltimo encuentro del Consejo Directivo de\u00a0ACUMAR, ya fue publicada en el Bolet\u00edn Oficial y se encuentra abierta la inscripci\u00f3n para todas las personas interesadas, a los fines de permitir y promover la efectiva participaci\u00f3n ciudadana en relaci\u00f3n al Plan de Relocalizaci\u00f3n y Urbanizaci\u00f3n de Villas y Asentamientos Precarios, destinado a familias que viven en situaci\u00f3n de riesgo ambiental en la Cuenca Matanza Riachuelo.<\/p>\n<p>La Audiencia se llevar\u00e1 adelante de manera bimodal, tanto virtual como presencial, el pr\u00f3ximo viernes 29 de julio a partir de las 9:00 horas en la sede de la Universidad Nacional de Lan\u00fas, ubicada en la calle 29 de septiembre 3901 de la localidad de Remedios de Escalada. El evento se transmitir\u00e1 en vivo a trav\u00e9s del canal de YouTube de\u00a0ACUMAR.<\/p>\n<p>Las inscripciones comenzaron hoy y se extender\u00e1n hasta el mi\u00e9rcoles 27. Podr\u00e1 anotarse para exponer, de manera libre y gratuita, cualquier persona interesada, a trav\u00e9s del formulario disponible, conforme indic\u00f3 Prensa ACUMAR.<\/p>\n<p>\u201cEsta nueva Audiencia promueve la participaci\u00f3n ciudadana, la transparencia y la apertura de los procesos de decisi\u00f3n que involucran a la poblaci\u00f3n, tal como lo venimos haciendo en diversas instancias de la gesti\u00f3n\u201d, destac\u00f3 el director de la Comisi\u00f3n de Participaci\u00f3n Social, Fabio M\u00e1rquez.<\/p>\n<p>La Comisi\u00f3n de Participaci\u00f3n Social de\u00a0ACUMAR<strong>\u00a0<\/strong>propicia diversos \u00e1mbitos para la participaci\u00f3n de las organizaciones sociales y representantes gubernamentales que aportan al saneamiento ambiental y a la mejora de la calidad de vida de la poblaci\u00f3n de la Cuenca Matanza Riachuelo. Para ello, se trabaja en involucrar activamente a la comunidad organizada en mesas de trabajo, donde m\u00faltiples actores abordan colectivamente problem\u00e1ticas territoriales espec\u00edficas.<\/p>\n<p><a href=\"https:\/\/www.visionweb.com.ar\/wp-content\/uploads\/2022\/07\/acumar-audiencia-publica-29-07.bmp\"><img loading=\"lazy\" decoding=\"async\" class=\"size-full wp-image-6427 aligncenter\" src=\"https:\/\/www.visionweb.com.ar\/wp-content\/uploads\/2022\/07\/acumar-audiencia-publica-29-07.bmp\" alt=\"\" width=\"588\" height=\"392\" \/><\/a>La presente convocatoria a Audiencia P\u00fablica se centrar\u00e1 en las soluciones habitacionales comprometidas en el Convenio Marco 2010, que conforma el Plan de Relocalizaci\u00f3n y Urbanizaci\u00f3n de Villas y Asentamientos Precarios, celebrado entre la ex Subsecretaria de Desarrollo Urbano y Vivienda de la Naci\u00f3n,\u00a0ACUMAR<strong>\u00a0<\/strong>y municipios de la Cuenca.<\/p>\n<p>La Autoridad de Cuenca, en articulaci\u00f3n con las diferentes jurisdicciones, realiza el acompa\u00f1amiento de cada familia antes, durante y luego de establecidas en sus nuevos hogares de manera tal de garantizar que su adaptaci\u00f3n se desarrolle en un marco de respeto por sus derechos y que se logre una adecuada apropiaci\u00f3n del nuevo espacio, en l\u00ednea con el \u201cProtocolo para el abordaje de procesos de relocalizaci\u00f3n y reurbanizaci\u00f3n de villas y asentamientos precarios en la Cuenca\u201d. <strong>(VW)<\/strong><\/p>\n<p>&nbsp;<\/p>\n","protected":false},"excerpt":{"rendered":"<p>Ser\u00e1 el pr\u00f3ximo 29 de julio y se tratar\u00e1 el Plan de Relocalizaci\u00f3n y Urbanizaci\u00f3n de Villas y Asentamientos Precarios. Con modalidad presencial y virtual, y transmisi\u00f3n a trav\u00e9s de YouTube del organismo.<\/p>\n","protected":false},"author":4,"featured_media":6427,"comment_status":"closed","ping_status":"closed","sticky":false,"template":"","format":"standard","meta":{"_monsterinsights_skip_tracking":false,"_monsterinsights_sitenote_active":false,"_monsterinsights_sitenote_note":"","_monsterinsights_sitenote_category":0,"footnotes":""},"categories":[8,5],"tags":[442,2433,2627],"class_list":["post-6424","post","type-post","status-publish","format-standard","has-post-thumbnail","hentry","category-interes-general","category-sociedad","tag-acumar","tag-audiencia-publica","tag-reubicacion-de-villas"],"_links":{"self":[{"href":"https:\/\/www.visionweb.com.ar\/index.php?rest_route=\/wp\/v2\/posts\/6424","targetHints":{"allow":["GET"]}}],"collection":[{"href":"https:\/\/www.visionweb.com.ar\/index.php?rest_route=\/wp\/v2\/posts"}],"about":[{"href":"https:\/\/www.visionweb.com.ar\/index.php?rest_route=\/wp\/v2\/types\/post"}],"author":[{"embeddable":true,"href":"https:\/\/www.visionweb.com.ar\/index.php?rest_route=\/wp\/v2\/users\/4"}],"replies":[{"embeddable":true,"href":"https:\/\/www.visionweb.com.ar\/index.php?rest_route=%2Fwp%2Fv2%2Fcomments&post=6424"}],"version-history":[{"count":2,"href":"https:\/\/www.visionweb.com.ar\/index.php?rest_route=\/wp\/v2\/posts\/6424\/revisions"}],"predecessor-version":[{"id":6428,"href":"https:\/\/www.visionweb.com.ar\/index.php?rest_route=\/wp\/v2\/posts\/6424\/revisions\/6428"}],"wp:featuredmedia":[{"embeddable":true,"href":"https:\/\/www.visionweb.com.ar\/index.php?rest_route=\/wp\/v2\/media\/6427"}],"wp:attachment":[{"href":"https:\/\/www.visionweb.com.ar\/index.php?rest_route=%2Fwp%2Fv2%2Fmedia&parent=6424"}],"wp:term":[{"taxonomy":"category","embeddable":true,"href":"https:\/\/www.visionweb.com.ar\/index.php?rest_route=%2Fwp%2Fv2%2Fcategories&post=6424"},{"taxonomy":"post_tag","embeddable":true,"href":"https:\/\/www.visionweb.com.ar\/index.php?rest_route=%2Fwp%2Fv2%2Ftags&post=6424"}],"curies":[{"name":"wp","href":"https:\/\/api.w.org\/{rel}","templated":true}]}}