{"id":6416,"date":"2022-07-13T12:26:12","date_gmt":"2022-07-13T15:26:12","guid":{"rendered":"https:\/\/www.visionweb.com.ar\/?p=6416"},"modified":"2022-07-13T12:26:12","modified_gmt":"2022-07-13T15:26:12","slug":"habra-mas-operativos-de-vacunacion-antigripal-en-lanus-durante-julio","status":"publish","type":"post","link":"https:\/\/www.visionweb.com.ar\/?p=6416","title":{"rendered":"Habr\u00e1 m\u00e1s operativos de vacunaci\u00f3n antigripal en Lan\u00fas durante julio"},"content":{"rendered":"<p><em><strong>Se realizar\u00e1n los d\u00edas s\u00e1bados 16 y 23 de julio de 10 a 14 hs. con el objetivo de optimizar la cobertura de las dosis de calendario nacional.<\/strong><\/em><!--more--><\/p>\n<div id=\"attachment_6418\" style=\"width: 310px\" class=\"wp-caption alignleft\"><img loading=\"lazy\" decoding=\"async\" aria-describedby=\"caption-attachment-6418\" class=\"wp-image-6418 size-medium\" src=\"https:\/\/www.visionweb.com.ar\/wp-content\/uploads\/2022\/07\/lanus-vacunacion-300x192.jpg\" alt=\"\" width=\"300\" height=\"192\" srcset=\"https:\/\/www.visionweb.com.ar\/wp-content\/uploads\/2022\/07\/lanus-vacunacion-300x192.jpg 300w, https:\/\/www.visionweb.com.ar\/wp-content\/uploads\/2022\/07\/lanus-vacunacion.jpg 631w\" sizes=\"auto, (max-width: 300px) 100vw, 300px\" \/><p id=\"caption-attachment-6418\" class=\"wp-caption-text\">En julio la Secretar\u00eda de Salud ofrecer\u00e1 los \u00faltimos operativos de vacunaci\u00f3n calendario. (Foto: Prensa de Lan\u00fas)<\/p><\/div>\n<p><strong>\u00a0<\/strong><strong>\u00a0\u00a0\u00a0\u00a0\u00a0\u00a0\u00a0\u00a0 \u00a0\u00a0\u00a0\u00a0\u00a0\u00a0\u00a0 L<\/strong>a Secretar\u00eda de Salud del Municipio de Lan\u00fas, contin\u00faa con los operativos de vacunaci\u00f3n antigripal durante este mes. Las actividades se desarrollar\u00e1n de manera simult\u00e1nea el pr\u00f3ximo 16 de julio en las salas M\u00e1spero y Masevicius, y el 23 de julio en el Centro de Medicina Preventiva y en la Unidad Sanitaria Lan\u00fas Oeste.<\/p>\n<p>Durante estas jornadas, los vecinos contar\u00e1n con la oportunidad de optimizar la cobertura de\u00a0vacunas\u00a0del calendario nacional, y podr\u00e1n aplicarse la dosis de neumoc\u00f3cicos de manera espont\u00e1nea y gratuita, conforme indic\u00f3 Prensa de la Comuna.<\/p>\n<p>El detalle del cronograma de refuerzo diagramado para reforzar el sistema inmunitario de la comunidad y prevenir enfermedades o probables discapacidades, es el siguiente:<\/p>\n<p>16\/07:\u00a0<strong>Unidad Sanitaria Luis M\u00e1spero<\/strong>\u00a0(M\u00e1spero 75, Remedios de Escalada)\u00a0\/<strong> Unidad Sanitaria Francisco Masevicius<\/strong>\u00a0(Paso de Burgos 777, Valent\u00edn Alsina).<\/p>\n<p>23\/07:\u00a0<strong>Unidad Sanitaria Lan\u00fas Oeste<\/strong>\u00a0(Av. 25 de Mayo 707) \u00a0\/\u00a0<strong>Centro de Medicina Preventiva<\/strong>\u00a0(Sitio de Montevideo 1862, Lan\u00fas Este).<\/p>\n<p>Esta segunda etapa de\u00a0vacunaci\u00f3n\u00a0antigripal iniciada por en abril, culminar\u00e1 este mes debido al actual bajo nivel de demanda registrado por parte de los vecinos y vecinas quienes concurrieron en forma masiva durante los primeros 3 meses de su implementaci\u00f3n. <strong>(VW)<\/strong><\/p>\n","protected":false},"excerpt":{"rendered":"<p>Se realizar\u00e1n los d\u00edas s\u00e1bados 16 y 23 de julio de 10 a 14 hs. con el objetivo de optimizar la cobertura de las dosis de calendario nacional.<\/p>\n","protected":false},"author":4,"featured_media":6418,"comment_status":"closed","ping_status":"closed","sticky":false,"template":"","format":"standard","meta":{"_monsterinsights_skip_tracking":false,"_monsterinsights_sitenote_active":false,"_monsterinsights_sitenote_note":"","_monsterinsights_sitenote_category":0,"footnotes":""},"categories":[8],"tags":[323,19,2625,100],"class_list":["post-6416","post","type-post","status-publish","format-standard","has-post-thumbnail","hentry","category-interes-general","tag-calendario","tag-lanus","tag-oerativos-de-vacunacion","tag-salud"],"_links":{"self":[{"href":"https:\/\/www.visionweb.com.ar\/index.php?rest_route=\/wp\/v2\/posts\/6416","targetHints":{"allow":["GET"]}}],"collection":[{"href":"https:\/\/www.visionweb.com.ar\/index.php?rest_route=\/wp\/v2\/posts"}],"about":[{"href":"https:\/\/www.visionweb.com.ar\/index.php?rest_route=\/wp\/v2\/types\/post"}],"author":[{"embeddable":true,"href":"https:\/\/www.visionweb.com.ar\/index.php?rest_route=\/wp\/v2\/users\/4"}],"replies":[{"embeddable":true,"href":"https:\/\/www.visionweb.com.ar\/index.php?rest_route=%2Fwp%2Fv2%2Fcomments&post=6416"}],"version-history":[{"count":2,"href":"https:\/\/www.visionweb.com.ar\/index.php?rest_route=\/wp\/v2\/posts\/6416\/revisions"}],"predecessor-version":[{"id":6419,"href":"https:\/\/www.visionweb.com.ar\/index.php?rest_route=\/wp\/v2\/posts\/6416\/revisions\/6419"}],"wp:featuredmedia":[{"embeddable":true,"href":"https:\/\/www.visionweb.com.ar\/index.php?rest_route=\/wp\/v2\/media\/6418"}],"wp:attachment":[{"href":"https:\/\/www.visionweb.com.ar\/index.php?rest_route=%2Fwp%2Fv2%2Fmedia&parent=6416"}],"wp:term":[{"taxonomy":"category","embeddable":true,"href":"https:\/\/www.visionweb.com.ar\/index.php?rest_route=%2Fwp%2Fv2%2Fcategories&post=6416"},{"taxonomy":"post_tag","embeddable":true,"href":"https:\/\/www.visionweb.com.ar\/index.php?rest_route=%2Fwp%2Fv2%2Ftags&post=6416"}],"curies":[{"name":"wp","href":"https:\/\/api.w.org\/{rel}","templated":true}]}}