{"id":6411,"date":"2022-07-13T11:35:39","date_gmt":"2022-07-13T14:35:39","guid":{"rendered":"https:\/\/www.visionweb.com.ar\/?p=6411"},"modified":"2022-07-13T11:35:39","modified_gmt":"2022-07-13T14:35:39","slug":"lanus-nueva-jornada-del-programa-parlamento-joven","status":"publish","type":"post","link":"https:\/\/www.visionweb.com.ar\/?p=6411","title":{"rendered":"Lan\u00fas: Nueva jornada del Programa Parlamento Joven"},"content":{"rendered":"<p><em><strong>En el rol de concejales, los j\u00f3venes debatieron la viabilidad de diferentes proyectos de ordenanza elaborados por ellos mismos. Los temas sobresalientes fueron medio ambiente, seguridad y g\u00e9nero, entre otros.<\/strong><\/em><!--more--><\/p>\n<div id=\"attachment_6413\" style=\"width: 310px\" class=\"wp-caption alignright\"><img loading=\"lazy\" decoding=\"async\" aria-describedby=\"caption-attachment-6413\" class=\"wp-image-6413 size-medium\" src=\"https:\/\/www.visionweb.com.ar\/wp-content\/uploads\/2022\/07\/PARLAMENTO-JOVEN-1-300x180.jpg\" alt=\"\" width=\"300\" height=\"180\" srcset=\"https:\/\/www.visionweb.com.ar\/wp-content\/uploads\/2022\/07\/PARLAMENTO-JOVEN-1-300x180.jpg 300w, https:\/\/www.visionweb.com.ar\/wp-content\/uploads\/2022\/07\/PARLAMENTO-JOVEN-1.jpg 615w\" sizes=\"auto, (max-width: 300px) 100vw, 300px\" \/><p id=\"caption-attachment-6413\" class=\"wp-caption-text\">Alumnos ejercen el rol de concejales. (Fotos: Prensa de Lan\u00fas)<\/p><\/div>\n<p><strong>E<\/strong>l Municipio de Lan\u00fas llev\u00f3 a cabo otra jornada de \u201cParlamento Joven\u201d del que participaron m\u00e1s de 180 alumnos de 14 escuelas p\u00fablicas y privadas, mediante el desarrollo de un debate donde los y las adolescentes interpretaron el rol de concejales para discutir proyectos de ordenanza de su autor\u00eda.<\/p>\n<p>El Programa se realiz\u00f3 ayer en el Sal\u00f3n Hugo del Carril, con la presencia del jefe de Gabinete Diego Kravetz y el secretario de Educaci\u00f3n, Empleo y Deportes, Dami\u00e1n Sala, quienes escucharon las argumentaciones expresadas por estudiantes para defender sus iniciativas creadas en las aulas, conforme indic\u00f3 Prensa de Lan\u00fas.<\/p>\n<p><img loading=\"lazy\" decoding=\"async\" class=\"size-medium wp-image-6414 alignleft\" src=\"https:\/\/www.visionweb.com.ar\/wp-content\/uploads\/2022\/07\/PARLAMENTO-JOVEN-2-300x169.jpg\" alt=\"\" width=\"300\" height=\"169\" srcset=\"https:\/\/www.visionweb.com.ar\/wp-content\/uploads\/2022\/07\/PARLAMENTO-JOVEN-2-300x169.jpg 300w, https:\/\/www.visionweb.com.ar\/wp-content\/uploads\/2022\/07\/PARLAMENTO-JOVEN-2.jpg 646w\" sizes=\"auto, (max-width: 300px) 100vw, 300px\" \/>Entre las tem\u00e1ticas expuestas, se plante\u00f3 la mejora del medio ambiente lo cual, estuvo reflejado en propuestas ligadas a la necesidad de implementar un plan de reforestaci\u00f3n urbana o de reciclaje de residuos domiciliarios.<\/p>\n<p>Adem\u00e1s, se plantearon problemas referentes a la Seguridad (corredores escolares seguros o respeto por las normas de tr\u00e1nsito); G\u00e9nero (capacitaci\u00f3n sobre bullying y violencias), Educaci\u00f3n (bono estudiantil para material educativo) y salida laboral para los j\u00f3venes.<\/p>\n<p>Asimismo, se desarrollaron propuestas solidarias destinadas a mejorar la calidad de vida de la comunidad tales como, la creaci\u00f3n de un natatorio climatizado municipal destinado a recreaci\u00f3n y rehabilitaci\u00f3n f\u00edsica, la instalaci\u00f3n de bebederos comunitarios o el arreglo de veredas.<\/p>\n<p>Parlamento Joven es un programa de debate parlamentario del que forman parte m\u00e1s de 180 alumnos de 14 escuelas p\u00fablicas y privadas del Municipio donde los y las adolescentes interpretan el rol de concejales para discutir proyectos de ordenanza de su autor\u00eda.<\/p>\n<p>Previamente, los participantes hab\u00edan visitado el Congreso nacional y la Legislatura bonaerense donde \u00a0dialogaron con legisladores de ambas c\u00e1maras para profundizar sus ideas y darle estructura a sus proyectos.<\/p>\n<p>Adem\u00e1s de Kravetz y Sala, del encuentro participaron el presidente del Honorable Concejo Deliberante de Lan\u00fas, Jorge Schiavone y el subsecretario de Empleo y Juventud, Ricardo Rodr\u00edguez. <strong>(VW)<\/strong><\/p>\n<p>&nbsp;<\/p>\n","protected":false},"excerpt":{"rendered":"<p>En el rol de concejales, los j\u00f3venes debatieron la viabilidad de diferentes proyectos de ordenanza elaborados por ellos mismos. Los temas sobresalientes fueron medio ambiente, seguridad y g\u00e9nero, entre otros.<\/p>\n","protected":false},"author":4,"featured_media":6414,"comment_status":"closed","ping_status":"closed","sticky":false,"template":"","format":"standard","meta":{"_monsterinsights_skip_tracking":false,"_monsterinsights_sitenote_active":false,"_monsterinsights_sitenote_note":"","_monsterinsights_sitenote_category":0,"footnotes":""},"categories":[7,5],"tags":[19,2561,2624],"class_list":["post-6411","post","type-post","status-publish","format-standard","has-post-thumbnail","hentry","category-educacion-y-cultura","category-sociedad","tag-lanus","tag-parlamnto-joven","tag-rol-de-concejales"],"_links":{"self":[{"href":"https:\/\/www.visionweb.com.ar\/index.php?rest_route=\/wp\/v2\/posts\/6411","targetHints":{"allow":["GET"]}}],"collection":[{"href":"https:\/\/www.visionweb.com.ar\/index.php?rest_route=\/wp\/v2\/posts"}],"about":[{"href":"https:\/\/www.visionweb.com.ar\/index.php?rest_route=\/wp\/v2\/types\/post"}],"author":[{"embeddable":true,"href":"https:\/\/www.visionweb.com.ar\/index.php?rest_route=\/wp\/v2\/users\/4"}],"replies":[{"embeddable":true,"href":"https:\/\/www.visionweb.com.ar\/index.php?rest_route=%2Fwp%2Fv2%2Fcomments&post=6411"}],"version-history":[{"count":2,"href":"https:\/\/www.visionweb.com.ar\/index.php?rest_route=\/wp\/v2\/posts\/6411\/revisions"}],"predecessor-version":[{"id":6415,"href":"https:\/\/www.visionweb.com.ar\/index.php?rest_route=\/wp\/v2\/posts\/6411\/revisions\/6415"}],"wp:featuredmedia":[{"embeddable":true,"href":"https:\/\/www.visionweb.com.ar\/index.php?rest_route=\/wp\/v2\/media\/6414"}],"wp:attachment":[{"href":"https:\/\/www.visionweb.com.ar\/index.php?rest_route=%2Fwp%2Fv2%2Fmedia&parent=6411"}],"wp:term":[{"taxonomy":"category","embeddable":true,"href":"https:\/\/www.visionweb.com.ar\/index.php?rest_route=%2Fwp%2Fv2%2Fcategories&post=6411"},{"taxonomy":"post_tag","embeddable":true,"href":"https:\/\/www.visionweb.com.ar\/index.php?rest_route=%2Fwp%2Fv2%2Ftags&post=6411"}],"curies":[{"name":"wp","href":"https:\/\/api.w.org\/{rel}","templated":true}]}}