{"id":6404,"date":"2022-07-14T08:05:00","date_gmt":"2022-07-14T11:05:00","guid":{"rendered":"https:\/\/www.visionweb.com.ar\/?p=6404"},"modified":"2022-07-13T11:29:00","modified_gmt":"2022-07-13T14:29:00","slug":"la-provincia-construira-viviendas-en-la-zona-de-plantanos","status":"publish","type":"post","link":"https:\/\/www.visionweb.com.ar\/?p=6404","title":{"rendered":"La provincia construir\u00e1 viviendas en la zona de Platanos"},"content":{"rendered":"<p><em><strong>El objetivo del programa apunta a reubicar a 200 familias que que viven en una zona de riesgo por las redes el\u00e9ctricas de alta tensi\u00f3n.<\/strong><\/em>\u00a0 <!--more--><\/p>\n<div id=\"attachment_6405\" style=\"width: 310px\" class=\"wp-caption alignright\"><img loading=\"lazy\" decoding=\"async\" aria-describedby=\"caption-attachment-6405\" class=\"wp-image-6405 size-medium\" src=\"https:\/\/www.visionweb.com.ar\/wp-content\/uploads\/2022\/07\/Maqueta-del-barrio-120-viviendas-300x168.png\" alt=\"\" width=\"300\" height=\"168\" srcset=\"https:\/\/www.visionweb.com.ar\/wp-content\/uploads\/2022\/07\/Maqueta-del-barrio-120-viviendas-300x168.png 300w, https:\/\/www.visionweb.com.ar\/wp-content\/uploads\/2022\/07\/Maqueta-del-barrio-120-viviendas.png 696w\" sizes=\"auto, (max-width: 300px) 100vw, 300px\" \/><p id=\"caption-attachment-6405\" class=\"wp-caption-text\">La maqueta del Barrio 120 Viviendas en Pl\u00e1tanos. La inversi\u00f3n ser\u00e1 de m\u00e1s 1.600 millones de pesos.<\/p><\/div>\n<p><strong>C<\/strong>on una inversi\u00f3n de casi $1.600 millones, financiado por el banco Mundial, la provincia de Buenos Aires tiene previsto construir 120 viviendas en en barrio 3 de Junio, en la localidad de Pl\u00e1tanos, partido de Berazategui, ubicado a unos 30 kil\u00f3metros al sur este de la capital federal.<\/p>\n<p>La apertura de los sobres de licitaci\u00f3n se realizar\u00e1 el 29 de julio de 2022 en la Organismo Provincial de Integraci\u00f3n Social y Urbana (OPISU), ubicado en 47 N\u00b0 529 e\/ 5 y 6, La Plata.<\/p>\n<p>e trata de un proyecto que viene a dar respuesta a la necesidad de\u00a0personas que habitan a la vera del Arroyo Las Conchitas, expuestas a las l\u00edneas de alta tensi\u00f3n que cruzan por encima del predio. Los trabajos necesarios para llevar adelante el proceso de reasentamiento se realizan en conjunto con las familias involucradas y con el acompa\u00f1amiento de un equipo territorial multidisciplinario.<\/p>\n<p>Al respecto, el ministro Agust\u00edn Simone remarc\u00f3 la labor en territorio y puso de relieve la importancia de llevar adelante un proceso participativo: \u201cHacemos un trabajo de campo con el cuidado necesario, porque involucra el presente y el futuro de las personas que ya estaban instaladas pero que se ven expuestas a una situaci\u00f3n de vulnerabilidad\u201d.<\/p>\n<p>La obra para la ciudad incluye el saneamiento del predio y la construcci\u00f3n del sistema de desag\u00fces cloacales, las redes de agua potable, gas y alumbrado p\u00fablico. Tambi\u00e9n se pavimentar\u00e1n las calles y se construir\u00e1n las veredas para el barrio.<\/p>\n<p>La apertura de sobres se realizar\u00e1 el 29 de julio de 2022, a las 11:00, en la sede del Organismo Provincial de Integraci\u00f3n Social y Urbana (OPISU), ubicado en 47 N\u00b0 529 e\/ 5 y 6, La Plata. Las empresas interesadas podr\u00e1n descargar los pliegos en la p\u00e1gina Web del Instituto de la Vivienda de la Provincia.<\/p>\n<p>Esta obra se suma a la licitaci\u00f3n realizada el mes pasado para avanzar con la terminaci\u00f3n de 300 viviendas del barrio Kennedy. La misma tambi\u00e9n incluye la infraestructura. El Estado provincial viene trabajando en la implementaci\u00f3n de pol\u00edticas p\u00fablicas para garantizar el acceso al h\u00e1bitat justo a cada vez m\u00e1s bonaerenses<strong>(VW)<\/strong>.<\/p>\n<p>&nbsp;<\/p>\n<p>&nbsp;<\/p>\n<p>&nbsp;<\/p>\n","protected":false},"excerpt":{"rendered":"<p>El objetivo del programa apunta a reubicar a 200 familias que que viven en una zona de riesgo por las redes el\u00e9ctricas de alta tensi\u00f3n.\u00a0<\/p>\n","protected":false},"author":3,"featured_media":6405,"comment_status":"closed","ping_status":"closed","sticky":false,"template":"","format":"standard","meta":{"_monsterinsights_skip_tracking":false,"_monsterinsights_sitenote_active":false,"_monsterinsights_sitenote_note":"","_monsterinsights_sitenote_category":0,"footnotes":""},"categories":[5],"tags":[912,2619,270],"class_list":["post-6404","post","type-post","status-publish","format-standard","has-post-thumbnail","hentry","category-sociedad","tag-banco-mundial","tag-platanos","tag-viviendas"],"_links":{"self":[{"href":"https:\/\/www.visionweb.com.ar\/index.php?rest_route=\/wp\/v2\/posts\/6404","targetHints":{"allow":["GET"]}}],"collection":[{"href":"https:\/\/www.visionweb.com.ar\/index.php?rest_route=\/wp\/v2\/posts"}],"about":[{"href":"https:\/\/www.visionweb.com.ar\/index.php?rest_route=\/wp\/v2\/types\/post"}],"author":[{"embeddable":true,"href":"https:\/\/www.visionweb.com.ar\/index.php?rest_route=\/wp\/v2\/users\/3"}],"replies":[{"embeddable":true,"href":"https:\/\/www.visionweb.com.ar\/index.php?rest_route=%2Fwp%2Fv2%2Fcomments&post=6404"}],"version-history":[{"count":2,"href":"https:\/\/www.visionweb.com.ar\/index.php?rest_route=\/wp\/v2\/posts\/6404\/revisions"}],"predecessor-version":[{"id":6410,"href":"https:\/\/www.visionweb.com.ar\/index.php?rest_route=\/wp\/v2\/posts\/6404\/revisions\/6410"}],"wp:featuredmedia":[{"embeddable":true,"href":"https:\/\/www.visionweb.com.ar\/index.php?rest_route=\/wp\/v2\/media\/6405"}],"wp:attachment":[{"href":"https:\/\/www.visionweb.com.ar\/index.php?rest_route=%2Fwp%2Fv2%2Fmedia&parent=6404"}],"wp:term":[{"taxonomy":"category","embeddable":true,"href":"https:\/\/www.visionweb.com.ar\/index.php?rest_route=%2Fwp%2Fv2%2Fcategories&post=6404"},{"taxonomy":"post_tag","embeddable":true,"href":"https:\/\/www.visionweb.com.ar\/index.php?rest_route=%2Fwp%2Fv2%2Ftags&post=6404"}],"curies":[{"name":"wp","href":"https:\/\/api.w.org\/{rel}","templated":true}]}}