{"id":6402,"date":"2022-07-13T07:49:44","date_gmt":"2022-07-13T10:49:44","guid":{"rendered":"https:\/\/www.visionweb.com.ar\/?p=6402"},"modified":"2022-07-12T18:45:58","modified_gmt":"2022-07-12T21:45:58","slug":"posse-los-planes-debe-pasar-por-asistente-social-no-por-los-movimientos","status":"publish","type":"post","link":"https:\/\/www.visionweb.com.ar\/?p=6402","title":{"rendered":"Posse: \u00bb Los planes debe pasar por asistente social, no por los movimientos\u201d"},"content":{"rendered":"<p><strong><em>Se debe salir de a poco de los planes sociales. Los planes deben pasar por Asistencia Scoail, no por los movimientos sociales.<\/em><\/strong>\u00a0 <!--more--><\/p>\n<p><strong>\u00a0 \u00a0 <img loading=\"lazy\" decoding=\"async\" class=\"size-medium wp-image-2059 alignright\" src=\"https:\/\/www.visionweb.com.ar\/wp-content\/uploads\/2021\/07\/GUSTAVO-POSSE-300x170.png\" alt=\"\" width=\"300\" height=\"170\" srcset=\"https:\/\/www.visionweb.com.ar\/wp-content\/uploads\/2021\/07\/GUSTAVO-POSSE-300x170.png 300w, https:\/\/www.visionweb.com.ar\/wp-content\/uploads\/2021\/07\/GUSTAVO-POSSE-768x436.png 768w, https:\/\/www.visionweb.com.ar\/wp-content\/uploads\/2021\/07\/GUSTAVO-POSSE.png 800w\" sizes=\"auto, (max-width: 300px) 100vw, 300px\" \/> \u00a0L<\/strong>a discusi\u00f3n en torno a los planes sociales referidas a quien o quienes deben administra los planes sociales, cada d\u00eda que pasa toma mayor efervescencia, situaci\u00f3n que elev\u00f3 los desibeles, tras los anuncios de la ministra de Econom\u00eda, Silvina Batakis, al advertir que las reparticiones p\u00fablicas deber\u00e1n mantenerse con los recursos presupuestados.<\/p>\n<p>en ese sentido, uno de los principales referentes del radicalismo bonaerense, e intendente de San Isidro, Gustavo Posse, evalu\u00f3 los recientes anuncios de la funcionaria,en particular al hablar de la crisis econ\u00f3mica por la que atraviesa la Argentina.<\/p>\n<p>\u201cComo oposici\u00f3n tenemos que ser buenos seres pol\u00edticos. Hay que colaborar para que un gobierno, con dificultades propias, pueda completar su mandato. De los errores y los malos gobiernos pierde la sociedad. Cuando un pa\u00eds se empobrece la que sufre mas es la gente. De tantos gobiernos malos muchos compatriotas cayeron de los sectores medios\u201d, destac\u00f3 Posse, en declaraciones period\u00edsticas.<\/p>\n<p>En cuanto a la asunci\u00f3n de Silvina Batakis al frente de la cartera de Econom\u00eda manifest\u00f3: \u201cHay que darle oportunidad a la Ministra. Uno desea ganarle la elecci\u00f3n en buena ley en un a\u00f1o y medio. Hay que ser oposici\u00f3n de buena fe. No esperemos ganar desde fracaso del otro porque es la gente la principal perjudicada\u201d.<\/p>\n<p>Consultado por el debate sobre los planes sociales respondi\u00f3: \u201cDe a poco hay que ir saliendo de <strong>los planes. Mucha gente tiene miedo de tener trabajo formal por no perder el plan<\/strong>. Hay que buscar un nuevo dise\u00f1o en este tema\u201d.<\/p>\n<p>\u201cLos planes debe pasar por asistente social, no por los movimientos. Es el que dice que hay una matriz objetiva para otorgar el plan. La siguiente cuesti\u00f3n es que el que tiene trabajo de a poco salga del plan y la tercera es que haya una reforma laboral para que no haya mas miedo a contratar gente y generar empleo\u201d agreg\u00f3 Posse.<\/p>\n<p>Por \u00faltimo se refiri\u00f3 al rol del radicalismo en la coalici\u00f3n opositora: \u201cEl radicalismo est\u00e1 desde el 2015 en Juntos por el Cambio. Es la gente la que debe elegir quien ocupa lugares mas protagonistas. Nosotros no fuimos parte del gobierno nacional y provincial del PRO pero los apoyamos para que puedan terminar sus mandatos en \u00e9pocas dif\u00edciles. Gane quien gane vamos hacia gobiernos mas integrados con los mejores preparados, no solo partidarios\u201d<strong>(VW)<\/strong>.<\/p>\n","protected":false},"excerpt":{"rendered":"<p>Se debe salir de a poco de los planes sociales. Los planes deben pasar por Asistencia Scoail, no por los movimientos sociales.\u00a0<\/p>\n","protected":false},"author":3,"featured_media":2059,"comment_status":"closed","ping_status":"closed","sticky":false,"template":"","format":"standard","meta":{"_monsterinsights_skip_tracking":false,"_monsterinsights_sitenote_active":false,"_monsterinsights_sitenote_note":"","_monsterinsights_sitenote_category":0,"footnotes":""},"categories":[4],"tags":[2575,340,2618,1820],"class_list":["post-6402","post","type-post","status-publish","format-standard","has-post-thumbnail","hentry","category-politica","tag-batakis","tag-elecciones","tag-plnes-sociales","tag-posse"],"_links":{"self":[{"href":"https:\/\/www.visionweb.com.ar\/index.php?rest_route=\/wp\/v2\/posts\/6402","targetHints":{"allow":["GET"]}}],"collection":[{"href":"https:\/\/www.visionweb.com.ar\/index.php?rest_route=\/wp\/v2\/posts"}],"about":[{"href":"https:\/\/www.visionweb.com.ar\/index.php?rest_route=\/wp\/v2\/types\/post"}],"author":[{"embeddable":true,"href":"https:\/\/www.visionweb.com.ar\/index.php?rest_route=\/wp\/v2\/users\/3"}],"replies":[{"embeddable":true,"href":"https:\/\/www.visionweb.com.ar\/index.php?rest_route=%2Fwp%2Fv2%2Fcomments&post=6402"}],"version-history":[{"count":1,"href":"https:\/\/www.visionweb.com.ar\/index.php?rest_route=\/wp\/v2\/posts\/6402\/revisions"}],"predecessor-version":[{"id":6403,"href":"https:\/\/www.visionweb.com.ar\/index.php?rest_route=\/wp\/v2\/posts\/6402\/revisions\/6403"}],"wp:featuredmedia":[{"embeddable":true,"href":"https:\/\/www.visionweb.com.ar\/index.php?rest_route=\/wp\/v2\/media\/2059"}],"wp:attachment":[{"href":"https:\/\/www.visionweb.com.ar\/index.php?rest_route=%2Fwp%2Fv2%2Fmedia&parent=6402"}],"wp:term":[{"taxonomy":"category","embeddable":true,"href":"https:\/\/www.visionweb.com.ar\/index.php?rest_route=%2Fwp%2Fv2%2Fcategories&post=6402"},{"taxonomy":"post_tag","embeddable":true,"href":"https:\/\/www.visionweb.com.ar\/index.php?rest_route=%2Fwp%2Fv2%2Ftags&post=6402"}],"curies":[{"name":"wp","href":"https:\/\/api.w.org\/{rel}","templated":true}]}}