{"id":6381,"date":"2022-07-11T12:40:48","date_gmt":"2022-07-11T15:40:48","guid":{"rendered":"https:\/\/www.visionweb.com.ar\/?p=6381"},"modified":"2022-07-12T09:16:33","modified_gmt":"2022-07-12T12:16:33","slug":"juntos-por-el-cambio-se-reunio-por-la-grave-situacion-politica-y-economica","status":"publish","type":"post","link":"https:\/\/www.visionweb.com.ar\/?p=6381","title":{"rendered":"Juntos por el Cambio se reuni\u00f3 por la\u00a0\u201cgrave situaci\u00f3n pol\u00edtica y econ\u00f3mica\u201d"},"content":{"rendered":"<p><em><strong>Mediante zoom la mesa nacional de Juntos por el Cambio acord\u00f3 una reuni\u00f3n presencial para el 19 de julio en la sede del PRO.<\/strong><\/em><!--more--><\/p>\n<div id=\"attachment_6383\" style=\"width: 647px\" class=\"wp-caption aligncenter\"><img loading=\"lazy\" decoding=\"async\" aria-describedby=\"caption-attachment-6383\" class=\"wp-image-6383 size-full\" src=\"https:\/\/www.visionweb.com.ar\/wp-content\/uploads\/2022\/07\/renunio-jxc-de-urgencia.bmp\" alt=\"\" width=\"637\" height=\"412\" \/><p id=\"caption-attachment-6383\" class=\"wp-caption-text\">Reuni\u00f3n de urgencia de JxC. Imagen: Twitter<\/p><\/div>\n<p><strong>L<\/strong>os presidentes de los cuatro partidos que conforman la coalici\u00f3n opositora Juntos por el Cambio mantuvieron ayer una reuni\u00f3n virtual de urgencia por la<strong>\u00a0<\/strong>\u201cgrave situaci\u00f3n pol\u00edtica y econ\u00f3mica que atraviesa\u201d<strong>\u00a0<\/strong>la Argentina.<\/p>\n<p>En reuni\u00f3n virtual, que se concret\u00f3 con la participaci\u00f3n de Gerardo Morales (UCR) desde Jujuy, Patricia Bullrich (PR0) desde Oxford, Gran Breta\u00f1a, Maximiliano Ferraro(CC) desde la Ciudad de Buenos Aires y Miguel Angel Pichetto (Encuentro Federal) desde su casa en Vicente L\u00f3pez.<\/p>\n<p>De este modo, los titulares de los cuatro principales partidos de JxC retomaron la agenda organizativa. La mesa nacional de Juntos por el Cambio se reunir\u00e1 de forma presencial el 19 de julio en la sede del PRO.<\/p>\n<p>En el encuentro, analizaron los pasos a seguir, que incluir\u00e1 una reuni\u00f3n de mesa chica y\/o de economistas de las cuatro agrupaciones para \u00abdar certezas de que hay un camino posible\u00bb, en medio de la crisis.<\/p>\n<p>\u201cObservamos con mucha preocupaci\u00f3n una fuerte debilidad pol\u00edtica que genera graves consecuencias en millones de argentinos.Estamos frente a un gobierno dividido en luchas intestinas, cuyo \u00fanico objetivo es el poder, y esto agrava a\u00fan m\u00e1s la dif\u00edcil situaci\u00f3n econ\u00f3mica, social, pol\u00edtica e institucional\u201d, indicaron los protagonistas del encuentro.<\/p>\n<p>Adem\u00e1s, advirtieron en un comunicado que \u201clos cambios y medidas de la \u00faltima semana han profundizado la p\u00e9rdida del poder adquisitivo de manera significativa, lo que implica cada d\u00eda una menor capacidad de compra de los argentinos, genera una alta volatilidad del d\u00f3lar, graves restricciones a la industria por la falta de insumos para la producci\u00f3n, adem\u00e1s de la falta de gasoil; un problema no resuelto\u201d.<\/p>\n<p>En este contexto, se inform\u00f3 que los presidentes de los partidos resolvieron convocar a una nueva reuni\u00f3n de la Mesa Nacional de JxC para el pr\u00f3ximo martes 19 de julio. <strong>(VW)<\/strong><\/p>\n<p>&nbsp;<\/p>\n<p>&nbsp;<\/p>\n","protected":false},"excerpt":{"rendered":"<p>Mediante zoom la mesa nacional de Juntos por el Cambio acord\u00f3 una reuni\u00f3n presencial para el 19 de julio en la sede del PRO.<\/p>\n","protected":false},"author":4,"featured_media":6383,"comment_status":"closed","ping_status":"closed","sticky":false,"template":"","format":"standard","meta":{"_monsterinsights_skip_tracking":false,"_monsterinsights_sitenote_active":false,"_monsterinsights_sitenote_note":"","_monsterinsights_sitenote_category":0,"footnotes":""},"categories":[4],"tags":[2612,781,2610,2611],"class_list":["post-6381","post","type-post","status-publish","format-standard","has-post-thumbnail","hentry","category-politica","tag-grave-situacion","tag-juntos-por-el-cambio","tag-reunion-de-urgencia","tag-zoom"],"_links":{"self":[{"href":"https:\/\/www.visionweb.com.ar\/index.php?rest_route=\/wp\/v2\/posts\/6381","targetHints":{"allow":["GET"]}}],"collection":[{"href":"https:\/\/www.visionweb.com.ar\/index.php?rest_route=\/wp\/v2\/posts"}],"about":[{"href":"https:\/\/www.visionweb.com.ar\/index.php?rest_route=\/wp\/v2\/types\/post"}],"author":[{"embeddable":true,"href":"https:\/\/www.visionweb.com.ar\/index.php?rest_route=\/wp\/v2\/users\/4"}],"replies":[{"embeddable":true,"href":"https:\/\/www.visionweb.com.ar\/index.php?rest_route=%2Fwp%2Fv2%2Fcomments&post=6381"}],"version-history":[{"count":4,"href":"https:\/\/www.visionweb.com.ar\/index.php?rest_route=\/wp\/v2\/posts\/6381\/revisions"}],"predecessor-version":[{"id":6386,"href":"https:\/\/www.visionweb.com.ar\/index.php?rest_route=\/wp\/v2\/posts\/6381\/revisions\/6386"}],"wp:featuredmedia":[{"embeddable":true,"href":"https:\/\/www.visionweb.com.ar\/index.php?rest_route=\/wp\/v2\/media\/6383"}],"wp:attachment":[{"href":"https:\/\/www.visionweb.com.ar\/index.php?rest_route=%2Fwp%2Fv2%2Fmedia&parent=6381"}],"wp:term":[{"taxonomy":"category","embeddable":true,"href":"https:\/\/www.visionweb.com.ar\/index.php?rest_route=%2Fwp%2Fv2%2Fcategories&post=6381"},{"taxonomy":"post_tag","embeddable":true,"href":"https:\/\/www.visionweb.com.ar\/index.php?rest_route=%2Fwp%2Fv2%2Ftags&post=6381"}],"curies":[{"name":"wp","href":"https:\/\/api.w.org\/{rel}","templated":true}]}}