{"id":6378,"date":"2022-07-11T11:27:42","date_gmt":"2022-07-11T14:27:42","guid":{"rendered":"https:\/\/www.visionweb.com.ar\/?p=6378"},"modified":"2022-07-11T11:27:42","modified_gmt":"2022-07-11T14:27:42","slug":"batakis-aseguro-que-se-apuntara-a-reducir-el-deficit-fiscal","status":"publish","type":"post","link":"https:\/\/www.visionweb.com.ar\/?p=6378","title":{"rendered":"Batakis asegur\u00f3 que se apuntar\u00e1 a reducir el d\u00e9ficit fiscal"},"content":{"rendered":"<p><strong><em>Adem\u00e1s dijo que cada repartici\u00f3n del estado nacional no podr\u00e1 gastar m\u00e1s de los recursos asignados en las partidas presupuestarias.Desde el 15 de este mes estar\u00e1 disponible el formulario para la recategorizaci\u00f3n de los usuarios para las tarifas el\u00e9ctrica.<\/em><\/strong><!--more--><\/p>\n<p><strong>\u00a0 \u00a0 \u00a0 <img loading=\"lazy\" decoding=\"async\" class=\"size-medium wp-image-6379 alignright\" src=\"https:\/\/www.visionweb.com.ar\/wp-content\/uploads\/2022\/07\/BATAKIS-EN-CONFERENCIA-DE-PRENSA-300x189.png\" alt=\"\" width=\"300\" height=\"189\" srcset=\"https:\/\/www.visionweb.com.ar\/wp-content\/uploads\/2022\/07\/BATAKIS-EN-CONFERENCIA-DE-PRENSA-300x189.png 300w, https:\/\/www.visionweb.com.ar\/wp-content\/uploads\/2022\/07\/BATAKIS-EN-CONFERENCIA-DE-PRENSA-768x484.png 768w, https:\/\/www.visionweb.com.ar\/wp-content\/uploads\/2022\/07\/BATAKIS-EN-CONFERENCIA-DE-PRENSA.png 800w\" sizes=\"auto, (max-width: 300px) 100vw, 300px\" \/> L<\/strong>a\u00a0ministra de Econom\u00eda de Argentina, Silvina Batakis anunci\u00f3 este lunes, una serie de medidas econ\u00f3micas para tratar de contener la inflaci\u00f3n y calmar la cotizaci\u00f3n de los distintos tipos de d\u00f3lares.<\/p>\n<p>Acompa\u00f1ada por distintos ministros y la titular de la AFIP, Mercedes Marc\u00f3 del Pont, Batakis dijo que buscar\u00e1n el equilibrio fiscal.<strong>\u00a0\u201cNo vamos a gastar m\u00e1s de lo que tenemos\u201d,<\/strong>\u00a0agreg\u00f3<\/p>\n<p>Precis\u00f3 tambi\u00e9n que se mantendr\u00e1 el acuerdo con el Fondo Monetario Internacional (FMI) y aclar\u00f3, frente a una consulta period\u00edstica sobre las metas inflacionarias que se viene conversando con los t\u00e9cnicos para rever ese punto.<\/p>\n<p>Con eje en una situaci\u00f3n internacional marcada por\u00a0<strong>la guerra en Ucrania que \u201cafecta mucho\u201d<\/strong>\u00a0al pa\u00eds, Batakis sostuvo sin embargo que\u00a0<strong>la matriz productiva de la Argentina \u201cest\u00e1 intacta\u201d<\/strong>\u00a0y que la intenci\u00f3n de su gesti\u00f3n ser\u00e1 \u201cmantenerla, sostenerla, complejizarla y hacerla m\u00e1s sustentable\u201d, como as\u00ed tambi\u00e9n aumentar el caudal de exportaciones.<\/p>\n<p><strong>Se crear\u00e1 un comit\u00e9 asesor de deuda para que eval\u00fae, analice y haga propuestas en materia de deuda soberana en pesos<\/strong>. Afirm\u00f3 que cumplir\u00e1n con los pagos de deudas en pesos y cuestion\u00f3 a los rumores que se generaron en los \u00faltimos d\u00edas en el mercado cambiario.<\/p>\n<p>Adem\u00e1s,<strong>\u00a0modificar\u00e1n la Ley de Administraci\u00f3n Financiera para controlar el gasto p\u00fablico.<\/strong>\u00a0En ese sentido,\u00a0<strong>se congela la contrataci\u00f3n de empleados p\u00fablicos.<\/strong><\/p>\n<p><strong>Energ\u00eda y precios<\/strong><\/p>\n<p>En materia\u00a0<strong>energ\u00e9tica<\/strong>, Batakis indic\u00f3 que se abrieron los primeros sobres de la licitaci\u00f3n del primer tramo del gasoducto N\u00e9stor Kirchner. Este viernes estar\u00e1 abierto el registro para obtener subsidios en la segmentaci\u00f3n implementada.<\/p>\n<p>Tambi\u00e9n se buscar\u00e1 completar el tribunal de Defensa de la Competencia, a los fines de evitar la concentraci\u00f3n de precios. \u201cNo podemos permitir abusos con los precios\u201d, dijo<strong>(VW)<\/strong>.<\/p>\n","protected":false},"excerpt":{"rendered":"<p>Adem\u00e1s dijo que cada repartici\u00f3n del estado nacional no podr\u00e1 gastar m\u00e1s de los recursos asignados en las partidas presupuestarias.Desde el 15 de este mes estar\u00e1 disponible el formulario para la recategorizaci\u00f3n de los&#46;&#46;&#46;<\/p>\n","protected":false},"author":3,"featured_media":6379,"comment_status":"closed","ping_status":"closed","sticky":false,"template":"","format":"standard","meta":{"_monsterinsights_skip_tracking":false,"_monsterinsights_sitenote_active":false,"_monsterinsights_sitenote_note":"","_monsterinsights_sitenote_category":0,"footnotes":""},"categories":[6],"tags":[1298,409,2609,564],"class_list":["post-6378","post","type-post","status-publish","format-standard","has-post-thumbnail","hentry","category-economia","tag-dolar","tag-equilibrio","tag-recorte","tag-tarifas"],"_links":{"self":[{"href":"https:\/\/www.visionweb.com.ar\/index.php?rest_route=\/wp\/v2\/posts\/6378","targetHints":{"allow":["GET"]}}],"collection":[{"href":"https:\/\/www.visionweb.com.ar\/index.php?rest_route=\/wp\/v2\/posts"}],"about":[{"href":"https:\/\/www.visionweb.com.ar\/index.php?rest_route=\/wp\/v2\/types\/post"}],"author":[{"embeddable":true,"href":"https:\/\/www.visionweb.com.ar\/index.php?rest_route=\/wp\/v2\/users\/3"}],"replies":[{"embeddable":true,"href":"https:\/\/www.visionweb.com.ar\/index.php?rest_route=%2Fwp%2Fv2%2Fcomments&post=6378"}],"version-history":[{"count":1,"href":"https:\/\/www.visionweb.com.ar\/index.php?rest_route=\/wp\/v2\/posts\/6378\/revisions"}],"predecessor-version":[{"id":6380,"href":"https:\/\/www.visionweb.com.ar\/index.php?rest_route=\/wp\/v2\/posts\/6378\/revisions\/6380"}],"wp:featuredmedia":[{"embeddable":true,"href":"https:\/\/www.visionweb.com.ar\/index.php?rest_route=\/wp\/v2\/media\/6379"}],"wp:attachment":[{"href":"https:\/\/www.visionweb.com.ar\/index.php?rest_route=%2Fwp%2Fv2%2Fmedia&parent=6378"}],"wp:term":[{"taxonomy":"category","embeddable":true,"href":"https:\/\/www.visionweb.com.ar\/index.php?rest_route=%2Fwp%2Fv2%2Fcategories&post=6378"},{"taxonomy":"post_tag","embeddable":true,"href":"https:\/\/www.visionweb.com.ar\/index.php?rest_route=%2Fwp%2Fv2%2Ftags&post=6378"}],"curies":[{"name":"wp","href":"https:\/\/api.w.org\/{rel}","templated":true}]}}