{"id":6364,"date":"2022-07-08T12:10:10","date_gmt":"2022-07-08T15:10:10","guid":{"rendered":"https:\/\/www.visionweb.com.ar\/?p=6364"},"modified":"2022-07-08T12:10:10","modified_gmt":"2022-07-08T15:10:10","slug":"desde-hoy-rige-una-nueva-lista-de-precios-cuidados-con-aumentos-del-95","status":"publish","type":"post","link":"https:\/\/www.visionweb.com.ar\/?p=6364","title":{"rendered":"Desde hoy rige una nueva lista de precios cuidados con aumentos del 9,5%"},"content":{"rendered":"<p><strong><em>La nueva etapa se extender\u00e1 hasta el 7 de octubre pr\u00f3ximo, con una pauta de aumento promedio trimestral de 9,3%, que ser\u00e1 de 3,3% en julio; 3,2% en agosto y 2,5% en septiembre.<\/em><\/strong><!--more--><\/p>\n<div id=\"attachment_4106\" style=\"width: 621px\" class=\"wp-caption alignright\"><img loading=\"lazy\" decoding=\"async\" aria-describedby=\"caption-attachment-4106\" class=\"wp-image-4106 size-full\" src=\"https:\/\/www.visionweb.com.ar\/wp-content\/uploads\/2022\/01\/precios-cuidados-2022.bmp\" alt=\"\" width=\"611\" height=\"387\" \/><p id=\"caption-attachment-4106\" class=\"wp-caption-text\"><em><strong>Ya rige la nueva lista de 942 productos con precios cuidados.<\/strong><\/em><\/p><\/div>\n<p><strong>C<\/strong>on un total de 949 productos alimenticios, desde este viernes rige la nueva lista de precios cuidados que tendr\u00e1 vigencia hasta el 7 de octubre de este a\u00f1o.<\/p>\n<p>El nuevo paquete tiene m\u00e1s de 300 productos alimenticios que se retiraron de la lista publicada a fines de marzo, seg\u00fan el nuevo acuerdo firmado entre el Gobierno y las empresas, atrav\u00e9s de las c\u00e1maras que lasa representan.<\/p>\n<p>El programa abarca a 949 productos representativos de la canasta del consumo promedio en diversos rubros y categor\u00edas, como almac\u00e9n, limpieza, perfumer\u00eda, cuidado e higiene personal, art\u00edculos para beb\u00e9s, productos frescos (fiambres, pastas frescas, tapas de empanadas y de tartas), congelados y bebidas.<\/p>\n<p>La nueva etapa se extender\u00e1 hasta el 7 de octubre pr\u00f3ximo, con una pauta de aumento promedio trimestral de 9,3%, que ser\u00e1 de 3,3% en julio; 3,2% en agosto y 2,5% en septiembre.<\/p>\n<p>Adem\u00e1s de Precios Cuidados, el Gobierno actualiz\u00f3 la canasta de frutas y verduras, seleccion\u00f3 para este mes papa a $ 63 el kilo; cebolla a $ 105; tomate, a $ 210; lechuga, a $ 170; y manzana, a $190; valores que se mantendr\u00e1n hasta el 7 de agosto.<\/p>\n<p>La canasta de frutas y verduras a valores de referencia estar\u00e1 disponible en supermercados del \u00c1rea Metropolitana Buenos Aires (AMBA), entre los que se destacan D\u00eda, Walmart, Changomas, Jumbo, Vea, Disco, Coto, Carrefour y Makro.<\/p>\n<p>Fuentes de Comercio Interior precisaron que el acuerdo fue supervisado por Mart\u00edn Pollera, el funcionario designado por la ministra de Econom\u00eda, Silvina Batakis, para asumir la conducci\u00f3n de la cartera, en reemplazo de Guillermo Hang.<\/p>\n<p>Tambi\u00e9n se\u00f1alaron que contin\u00faan trabajando para acordar con las empresas l\u00e1cteas una canasta con los productos m\u00e1s representativos y consumidos de ese rubro, al tiempo que contin\u00faan las reuniones con los frigor\u00edficos para la renovaci\u00f3n de Cortes Cuidados, lo que permitir\u00e1 incrementar la cantidad de productos comprendidos en el programa.<\/p>\n<p>La cantidad de productos comprendidos en el nuevo programa es menor que el anunciado en la renovaci\u00f3n concretada a principios de abril pasado, cuando se anunciaron 1.321 art\u00edculos.<\/p>\n<p>En esta edici\u00f3n, de manera inicial ser\u00e1n 949 productos, a los que prev\u00e9n sumar los l\u00e1cteos que a\u00fan se encuentran en etapa de negociaci\u00f3n.<\/p>\n<p>Precios Cuidados est\u00e1 disponible todos los d\u00edas de la semana en cadenas de supermercados minoristas de todo el pa\u00eds como Jumbo, Vea, Disco, Changom\u00e1s, Coto, Carrefour, D\u00eda, Josimar, La An\u00f3nima, Libertad, Cooperativa Obrera, S\u00faper Santiago, Supermercado Himisa, Beltran, Bl\u00fc, Borbotti, El Solar, El Zorz\u00f3n, \u00danico, El Abastecedor y Alfa <strong>(VW)<\/strong>.<\/p>\n<p>&nbsp;<\/p>\n","protected":false},"excerpt":{"rendered":"<p>La nueva etapa se extender\u00e1 hasta el 7 de octubre pr\u00f3ximo, con una pauta de aumento promedio trimestral de 9,3%, que ser\u00e1 de 3,3% en julio; 3,2% en agosto y 2,5% en septiembre.<\/p>\n","protected":false},"author":3,"featured_media":753,"comment_status":"closed","ping_status":"closed","sticky":false,"template":"","format":"standard","meta":{"_monsterinsights_skip_tracking":false,"_monsterinsights_sitenote_active":false,"_monsterinsights_sitenote_note":"","_monsterinsights_sitenote_category":0,"footnotes":""},"categories":[6,8],"tags":[265,2600],"class_list":["post-6364","post","type-post","status-publish","format-standard","has-post-thumbnail","hentry","category-economia","category-interes-general","tag-octubre","tag-precios-cuidados-mas-de-900-productos"],"_links":{"self":[{"href":"https:\/\/www.visionweb.com.ar\/index.php?rest_route=\/wp\/v2\/posts\/6364","targetHints":{"allow":["GET"]}}],"collection":[{"href":"https:\/\/www.visionweb.com.ar\/index.php?rest_route=\/wp\/v2\/posts"}],"about":[{"href":"https:\/\/www.visionweb.com.ar\/index.php?rest_route=\/wp\/v2\/types\/post"}],"author":[{"embeddable":true,"href":"https:\/\/www.visionweb.com.ar\/index.php?rest_route=\/wp\/v2\/users\/3"}],"replies":[{"embeddable":true,"href":"https:\/\/www.visionweb.com.ar\/index.php?rest_route=%2Fwp%2Fv2%2Fcomments&post=6364"}],"version-history":[{"count":2,"href":"https:\/\/www.visionweb.com.ar\/index.php?rest_route=\/wp\/v2\/posts\/6364\/revisions"}],"predecessor-version":[{"id":6366,"href":"https:\/\/www.visionweb.com.ar\/index.php?rest_route=\/wp\/v2\/posts\/6364\/revisions\/6366"}],"wp:featuredmedia":[{"embeddable":true,"href":"https:\/\/www.visionweb.com.ar\/index.php?rest_route=\/wp\/v2\/media\/753"}],"wp:attachment":[{"href":"https:\/\/www.visionweb.com.ar\/index.php?rest_route=%2Fwp%2Fv2%2Fmedia&parent=6364"}],"wp:term":[{"taxonomy":"category","embeddable":true,"href":"https:\/\/www.visionweb.com.ar\/index.php?rest_route=%2Fwp%2Fv2%2Fcategories&post=6364"},{"taxonomy":"post_tag","embeddable":true,"href":"https:\/\/www.visionweb.com.ar\/index.php?rest_route=%2Fwp%2Fv2%2Ftags&post=6364"}],"curies":[{"name":"wp","href":"https:\/\/api.w.org\/{rel}","templated":true}]}}