{"id":6360,"date":"2022-07-08T11:21:17","date_gmt":"2022-07-08T14:21:17","guid":{"rendered":"https:\/\/www.visionweb.com.ar\/?p=6360"},"modified":"2022-07-08T11:30:42","modified_gmt":"2022-07-08T14:30:42","slug":"empresarios-pymes-argentinos-se-reunieron-con-sus-pares-del-estado-brasileno-santa-catarina","status":"publish","type":"post","link":"https:\/\/www.visionweb.com.ar\/?p=6360","title":{"rendered":"Empresarios Pymes argentinos se reunieron con sus pares del estado brasile\u00f1o Santa Catarina"},"content":{"rendered":"<p><em><strong>Encabezados por la CGERA los encuentros apuntan a potenciar las exportaciones de PyMEs nacionales estado brasile\u00f1o de Santa Catarina.<\/strong><\/em><!--more--><\/p>\n<div id=\"attachment_6361\" style=\"width: 310px\" class=\"wp-caption alignleft\"><img loading=\"lazy\" decoding=\"async\" aria-describedby=\"caption-attachment-6361\" class=\"wp-image-6361 size-medium\" src=\"https:\/\/www.visionweb.com.ar\/wp-content\/uploads\/2022\/07\/FERNANDEZ-CON-EMPRESARIOS-DE-BRASIL-300x164.png\" alt=\"\" width=\"300\" height=\"164\" srcset=\"https:\/\/www.visionweb.com.ar\/wp-content\/uploads\/2022\/07\/FERNANDEZ-CON-EMPRESARIOS-DE-BRASIL-300x164.png 300w, https:\/\/www.visionweb.com.ar\/wp-content\/uploads\/2022\/07\/FERNANDEZ-CON-EMPRESARIOS-DE-BRASIL-768x420.png 768w, https:\/\/www.visionweb.com.ar\/wp-content\/uploads\/2022\/07\/FERNANDEZ-CON-EMPRESARIOS-DE-BRASIL.png 800w\" sizes=\"auto, (max-width: 300px) 100vw, 300px\" \/><p id=\"caption-attachment-6361\" class=\"wp-caption-text\"><em><strong>Marcelo Fern\u00e1ndez, presidente de CGERA, en di\u00e1logo con empresarios brasile\u00f1os. (Foto: Gentileza CGERA)<\/strong><\/em><\/p><\/div>\n<p><strong>C<\/strong>on el objeto de avanzar en la instalaci\u00f3n de comercializadoras de productos locales en el sur del pa\u00eds vecino, el presidente de la CEGRA (Confederaci\u00f3n General de Empresas de la Rep\u00fablica Argentina), Marcelo Fern\u00e1ndez mantuvo varios encuentros en el Estado brasile\u00f1o de Santa Catarina.<\/p>\n<p>En la reuni\u00f3n, Fern\u00e1ndez junto al Agregado Comercial de la Embajada Argentina en Brasil, la subjefa de Promoci\u00f3n Comercial, Ana Guti\u00e9rrez Teller\u00eda, y el Vicec\u00f3nsul, Lisandro Parra, dialogaron con empresarios catarinenses sobre las oportunidades de negocios que presentan las PYMES argentinas y se analiz\u00f3 la posibilidad de comenzar Las exportaciones de productos argentinos en ese Estado para distribuir en todo el territorio de ese pa\u00eds.<\/p>\n<p>Asimismo, durante las reuniones celebradas, se trabaj\u00f3 en las oportunidades que presenta el Mercado interno brasile\u00f1o para productos como vinos, aceites, pastas, frutas, repuestos, aceitunas, mariscos y art\u00edculos de limpieza. \u201cSe trat\u00f3 de una reuni\u00f3n muy positiva en la cual desde CGERA se continu\u00f3 trabajando para ampliar las ventas de los productos de PYMES argentinas en nuestro mayor socio comercial\u201d, manifest\u00f3 Marcelo Fern\u00e1ndez.<\/p>\n<p>Adem\u00e1s, el Presidente de CGERA manifest\u00f3 que este proceso \u201ces una continuidad del importante trabajo que realizara Daniel Scioli al Fuente de la embajada y que hoy continua Pablo De Angelis\u00bb. \u201cFue vital para nosotros lo que hemos desarrollado en la gesti\u00f3n del antiguo embajador, y nos permiti\u00f3 desarrollar futuros distribuidores con gran penetraci\u00f3n en el mercado interno brasile\u00f1o\u201d, concluy\u00f3<strong>(VW)<\/strong>.<\/p>\n","protected":false},"excerpt":{"rendered":"<p>Encabezados por la CGERA los encuentros apuntan a potenciar las exportaciones de PyMEs nacionales estado brasile\u00f1o de Santa Catarina.<\/p>\n","protected":false},"author":3,"featured_media":6361,"comment_status":"closed","ping_status":"closed","sticky":false,"template":"","format":"standard","meta":{"_monsterinsights_skip_tracking":false,"_monsterinsights_sitenote_active":false,"_monsterinsights_sitenote_note":"","_monsterinsights_sitenote_category":0,"footnotes":""},"categories":[749],"tags":[663,2599,32],"class_list":["post-6360","post","type-post","status-publish","format-standard","has-post-thumbnail","hentry","category-pymes","tag-empresas","tag-proceso","tag-pymes"],"_links":{"self":[{"href":"https:\/\/www.visionweb.com.ar\/index.php?rest_route=\/wp\/v2\/posts\/6360","targetHints":{"allow":["GET"]}}],"collection":[{"href":"https:\/\/www.visionweb.com.ar\/index.php?rest_route=\/wp\/v2\/posts"}],"about":[{"href":"https:\/\/www.visionweb.com.ar\/index.php?rest_route=\/wp\/v2\/types\/post"}],"author":[{"embeddable":true,"href":"https:\/\/www.visionweb.com.ar\/index.php?rest_route=\/wp\/v2\/users\/3"}],"replies":[{"embeddable":true,"href":"https:\/\/www.visionweb.com.ar\/index.php?rest_route=%2Fwp%2Fv2%2Fcomments&post=6360"}],"version-history":[{"count":2,"href":"https:\/\/www.visionweb.com.ar\/index.php?rest_route=\/wp\/v2\/posts\/6360\/revisions"}],"predecessor-version":[{"id":6363,"href":"https:\/\/www.visionweb.com.ar\/index.php?rest_route=\/wp\/v2\/posts\/6360\/revisions\/6363"}],"wp:featuredmedia":[{"embeddable":true,"href":"https:\/\/www.visionweb.com.ar\/index.php?rest_route=\/wp\/v2\/media\/6361"}],"wp:attachment":[{"href":"https:\/\/www.visionweb.com.ar\/index.php?rest_route=%2Fwp%2Fv2%2Fmedia&parent=6360"}],"wp:term":[{"taxonomy":"category","embeddable":true,"href":"https:\/\/www.visionweb.com.ar\/index.php?rest_route=%2Fwp%2Fv2%2Fcategories&post=6360"},{"taxonomy":"post_tag","embeddable":true,"href":"https:\/\/www.visionweb.com.ar\/index.php?rest_route=%2Fwp%2Fv2%2Ftags&post=6360"}],"curies":[{"name":"wp","href":"https:\/\/api.w.org\/{rel}","templated":true}]}}