{"id":6356,"date":"2022-07-07T12:30:07","date_gmt":"2022-07-07T15:30:07","guid":{"rendered":"https:\/\/www.visionweb.com.ar\/?p=6356"},"modified":"2022-07-07T12:30:07","modified_gmt":"2022-07-07T15:30:07","slug":"silvina-batakis-confirmo-que-habra-una-nueva-canasta-de-precios-cuidados","status":"publish","type":"post","link":"https:\/\/www.visionweb.com.ar\/?p=6356","title":{"rendered":"Silvina Batakis confirm\u00f3 que habr\u00e1 una nueva canasta de Precios Cuidados"},"content":{"rendered":"<p><em><strong>Sostuvo que \u00abel control de los precios es uno de los mecanismos para controlar la inflaci\u00f3n\u00bb.<\/strong> <strong>Con respecto a las exportaciones dijo que \u201cLas empresas est\u00e1n estoqueadas\u201d. Cuestion\u00f3 el uso de los d\u00f3lares con fines tur\u00edsticos: \u201cEl derecho a viajar colisiona con la generaci\u00f3n de puestos de trabajo\u201d.<\/strong><\/em><strong>\u00a0<\/strong><!--more--><\/p>\n<div id=\"attachment_6358\" style=\"width: 310px\" class=\"wp-caption alignright\"><img loading=\"lazy\" decoding=\"async\" aria-describedby=\"caption-attachment-6358\" class=\"wp-image-6358 size-medium\" src=\"https:\/\/www.visionweb.com.ar\/wp-content\/uploads\/2022\/07\/Batakis-300x300.jpg\" alt=\"\" width=\"300\" height=\"300\" srcset=\"https:\/\/www.visionweb.com.ar\/wp-content\/uploads\/2022\/07\/Batakis-300x300.jpg 300w, https:\/\/www.visionweb.com.ar\/wp-content\/uploads\/2022\/07\/Batakis-150x150.jpg 150w, https:\/\/www.visionweb.com.ar\/wp-content\/uploads\/2022\/07\/Batakis-80x80.jpg 80w, https:\/\/www.visionweb.com.ar\/wp-content\/uploads\/2022\/07\/Batakis-320x320.jpg 320w, https:\/\/www.visionweb.com.ar\/wp-content\/uploads\/2022\/07\/Batakis-65x65.jpg 65w, https:\/\/www.visionweb.com.ar\/wp-content\/uploads\/2022\/07\/Batakis.jpg 490w\" sizes=\"auto, (max-width: 300px) 100vw, 300px\" \/><p id=\"caption-attachment-6358\" class=\"wp-caption-text\">Ministra de Econom\u00eda Silvina Batakis. (Imagen: internet)<\/p><\/div>\n<p><strong>\u00a0\u00a0\u00a0\u00a0\u00a0\u00a0\u00a0\u00a0\u00a0\u00a0\u00a0\u00a0\u00a0\u00a0\u00a0\u00a0 \u00a0\u00a0\u00a0\u00a0\u00a0\u00a0\u00a0\u00a0\u00a0\u00a0 L<\/strong>a ministra de Econom\u00eda\u00a0Silvina Batakis confirm\u00f3 que se encuentra trabajando en una nueva canasta de bienes y servicios de Precios Cuidados y asegur\u00f3 que \u00abel control de los precios es uno de los mecanismos para controlar la inflaci\u00f3n\u00bb. Habl\u00f3 de la suba del d\u00f3lar y de su uso con fines tur\u00edsticos.<\/p>\n<p>Batakis manifest\u00f3 que \u00abla inflaci\u00f3n en la Argentina tiene muchas causas\u00bb y que \u201cEl control de precios es uno de los mecanismos para controlar la inflaci\u00f3n, pero hay otros instrumentos que necesitan del largo plazo, como la inversi\u00f3n en infraestructura\u201d, declar\u00f3 en TN.<\/p>\n<p>En ese marco, la ministra sostuvo que \u00abno podemos aceptar que alg\u00fan comercio remarque los precios porque hay inflaci\u00f3n\u00bb por lo que desde su gesti\u00f3n van a \u201cbuscar un acuerdo con los formadores de preciso\u201d, afirm\u00f3.<\/p>\n<p>Con respecto al d\u00f3lar destinado a la producci\u00f3n, manifest\u00f3 que \u201cno se va a devaluar el d\u00f3lar oficial\u201d, el d\u00f3lar est\u00e1 inserto en muchos precios de bienes y servicios\u00bb y a\u00f1adi\u00f3 que \u00abcuando uno mira el tipo de cambio multilateral (TCM) es competitivo y no hay razones para devaluar. Vamos a tener un r\u00e9cord de balanza comercial pero no estamos en una situaci\u00f3n de riesgo\u00bb.<\/p>\n<p>A la vez, sostuvo que \u00abla Argentina necesita exportar. Las empresas est\u00e1n estoqueadas y eso nos pone en una mejor situaci\u00f3n para poder exportar\u00bb y consider\u00f3 que como el d\u00f3lar es un \u00abrecurso escaso\u00bb tiene que estar abocado al \u00abservicio de la matriz productiva, aplicarlo para que todos estemos mejor\u00bb.<\/p>\n<p>En ese plano Batikis que \u201cel derecho a viajar colisiona con la generaci\u00f3n de puestos de trabajo. Para eso est\u00e1 el gobierno, para aliviar esas tensiones. Y cuando importamos productos finales importamos puestos de trabajo que se generaron en el exterior\u00bb.<\/p>\n<p>Con referencia a la suba que sufri\u00f3 el d\u00f3lar en las \u00faltimas jornadas, asegur\u00f3 que \u00abel d\u00f3lar blue es un mercado marginal, no es una referencia para los bienes y servicios que se producen en la Argentina. En la econom\u00eda se generan situaciones de tensi\u00f3n pero en estos tres d\u00edas vimos que el Banco Central (BCRA) puede manejar la situaci\u00f3n\u00bb. <strong>(VW)<\/strong><\/p>\n<p>&nbsp;<\/p>\n","protected":false},"excerpt":{"rendered":"<p>Sostuvo que \u00abel control de los precios es uno de los mecanismos para controlar la inflaci\u00f3n\u00bb. Con respecto a las exportaciones dijo que \u201cLas empresas est\u00e1n estoqueadas\u201d. Cuestion\u00f3 el uso de los d\u00f3lares con&#46;&#46;&#46;<\/p>\n","protected":false},"author":4,"featured_media":6358,"comment_status":"closed","ping_status":"closed","sticky":false,"template":"","format":"standard","meta":{"_monsterinsights_skip_tracking":false,"_monsterinsights_sitenote_active":false,"_monsterinsights_sitenote_note":"","_monsterinsights_sitenote_category":0,"footnotes":""},"categories":[6,4],"tags":[2575,1298,2597,2598],"class_list":["post-6356","post","type-post","status-publish","format-standard","has-post-thumbnail","hentry","category-economia","category-politica","tag-batakis","tag-dolar","tag-ministra-economia","tag-precios-cudados"],"_links":{"self":[{"href":"https:\/\/www.visionweb.com.ar\/index.php?rest_route=\/wp\/v2\/posts\/6356","targetHints":{"allow":["GET"]}}],"collection":[{"href":"https:\/\/www.visionweb.com.ar\/index.php?rest_route=\/wp\/v2\/posts"}],"about":[{"href":"https:\/\/www.visionweb.com.ar\/index.php?rest_route=\/wp\/v2\/types\/post"}],"author":[{"embeddable":true,"href":"https:\/\/www.visionweb.com.ar\/index.php?rest_route=\/wp\/v2\/users\/4"}],"replies":[{"embeddable":true,"href":"https:\/\/www.visionweb.com.ar\/index.php?rest_route=%2Fwp%2Fv2%2Fcomments&post=6356"}],"version-history":[{"count":2,"href":"https:\/\/www.visionweb.com.ar\/index.php?rest_route=\/wp\/v2\/posts\/6356\/revisions"}],"predecessor-version":[{"id":6359,"href":"https:\/\/www.visionweb.com.ar\/index.php?rest_route=\/wp\/v2\/posts\/6356\/revisions\/6359"}],"wp:featuredmedia":[{"embeddable":true,"href":"https:\/\/www.visionweb.com.ar\/index.php?rest_route=\/wp\/v2\/media\/6358"}],"wp:attachment":[{"href":"https:\/\/www.visionweb.com.ar\/index.php?rest_route=%2Fwp%2Fv2%2Fmedia&parent=6356"}],"wp:term":[{"taxonomy":"category","embeddable":true,"href":"https:\/\/www.visionweb.com.ar\/index.php?rest_route=%2Fwp%2Fv2%2Fcategories&post=6356"},{"taxonomy":"post_tag","embeddable":true,"href":"https:\/\/www.visionweb.com.ar\/index.php?rest_route=%2Fwp%2Fv2%2Ftags&post=6356"}],"curies":[{"name":"wp","href":"https:\/\/api.w.org\/{rel}","templated":true}]}}