{"id":6352,"date":"2022-07-07T10:32:49","date_gmt":"2022-07-07T13:32:49","guid":{"rendered":"https:\/\/www.visionweb.com.ar\/?p=6352"},"modified":"2022-07-07T10:32:49","modified_gmt":"2022-07-07T13:32:49","slug":"avellaneda-se-inauguro-un-invernadero-para-proteger-especies-nativas","status":"publish","type":"post","link":"https:\/\/www.visionweb.com.ar\/?p=6352","title":{"rendered":"Avellaneda: Se inaugur\u00f3 un invernadero para proteger especies nativas"},"content":{"rendered":"<p><strong><em>Es una ampliaci\u00f3n del vivero \u201cAzucena Villaflor\u201d de CEAMSE<\/em>, <em>en el que ACUMAR aport\u00f3 recursos para la construcci\u00f3n del espacio y para la producci\u00f3n de diversas especies de plantas nativas.<\/em><\/strong><!--more--><\/p>\n<p><em>\u00a0<\/em>\u00a0\u00a0\u00a0\u00a0\u00a0\u00a0\u00a0\u00a0\u00a0\u00a0 <img loading=\"lazy\" decoding=\"async\" class=\"size-full wp-image-6354 aligncenter\" src=\"https:\/\/www.visionweb.com.ar\/wp-content\/uploads\/2022\/07\/vivero-avellaneda-ceamse.bmp\" alt=\"\" width=\"528\" height=\"348\" \/>\u00a0\u00a0\u00a0\u00a0\u00a0\u00a0\u00a0\u00a0 <strong>L<\/strong>a inauguraci\u00f3n del invernadero del vivero del CEAMSE en Avellaneda, se realiz\u00f3 ayer mi\u00e9rcoles con la participaci\u00f3n del presidente de la Autoridad de Cuenca Matanza Riachuelo (ACUMAR), Mart\u00edn Sabbatella, junto a la presidenta de la Coordinaci\u00f3n Ecol\u00f3gica \u00c1rea Metropolitana S.E. (<a href=\"https:\/\/acumar.tr.pemsv11.net\/c\/eyJhIjoiYWN1bWFyIiwibSI6Im1haWxfY2w1YTNicjc2M21hMzA4NjJxNm5tM2R3YyIsImwiOiJsaW5rX2E1MGFiNjVkMDA0Y2ZkNjJhNTBkNTAyOWViMTUzZjAxMzY3MzE1MDMiLCJpIjpbXSwidSI6Imh0dHBzOi8vd3d3LmNlYW1zZS5nb3YuYXIvIiwiYyI6IiIsImgiOiJkZGY2MGQifQ\">CEAMSE<\/a>), M\u00f3nica Cappellini.<\/p>\n<p>Se trata de la ampliaci\u00f3n del Vivero Experimental del Complejo Ambiental Villa Dom\u00ednico en el que desde 2021<strong>\u00a0<\/strong>ACUMAR, a trav\u00e9s de un acuerdo, aport\u00f3 la inversi\u00f3n de 5 millones de pesos para la construcci\u00f3n de las nuevas instalaciones y material destinado a la producci\u00f3n de plantas nativas, en el marco del Programa de Impulso y Fortalecimiento a la Red de Viveros en la Cuenca Matanza Riachuelo, conforme indic\u00f3 Prensa de ACUMAR.<\/p>\n<p>En ese marco, Mart\u00edn Sabbatella explic\u00f3: \u201cPusimos en marcha este programa con el objetivo de acompa\u00f1ar y fortalecer a los viveros de los distintos municipios, ya que el compromiso de ACUMAR es recomponer el ambiente desde una mirada integral, en la cual la forestaci\u00f3n con plantas nativas en los espacios p\u00fablicos, en las m\u00e1rgenes del r\u00edo y arroyos, es fundamental para la mejorar el ambiente y ampliar la biodiversidad de la Cuenca\u201d.<\/p>\n<p>El Programa de Impulso y Fortalecimiento a la Red de Viveros para la Producci\u00f3n de Especies Nativas en la Cuenca Matanza Riachuelo busca, entre otros objetivos, dotar a los municipios de nuevos conocimientos para la generaci\u00f3n de plantas aut\u00f3ctonas a ser utilizadas en la reforestaci\u00f3n de m\u00e1rgenes de arroyos y r\u00edos, como as\u00ed tambi\u00e9n de espacios verdes en general.<\/p>\n<p>El acuerdo contempla capacitaciones por parte del personal de CEAMSE a personal de viveros municipales de la Cuenca, y trabajadores y trabajadoras del programa de Limpieza de M\u00e1rgenes.<\/p>\n<p>En octubre de 2021 se llev\u00f3 a cabo la primera instrucci\u00f3n a personal de viveros municipales de ocho municipios de la Cuenca y este a\u00f1o tendr\u00e1 lugar una nueva edici\u00f3n del taller, que comenzar\u00e1 en agosto.<\/p>\n<p>Por su parte, Cappellini resalt\u00f3 que \u201clos pasivos ambientales tienen que volver a la comunidad como parques p\u00fablicos, y eso es inversi\u00f3n, es proyecto, es decisi\u00f3n pol\u00edtica\u201d, y remarc\u00f3 el trabajo en conjunto realizado con Mart\u00edn Sabbatella, \u201ccon quien imaginamos toda esta acci\u00f3n\u201d, asegur\u00f3 la titular de CEAMSE.<\/p>\n<p>El proyecto tambi\u00e9n contempla asistencia t\u00e9cnica, gesti\u00f3n e intercambio de ejemplares, por lo que, durante el acto,\u00a0ACUMAR<strong>\u00a0<\/strong>hizo entrega al vivero de 12.000 semillas de diversas variedades.<\/p>\n<p>El nombre de este lugar fue puesto en homenaje a Azucena Villaflor, fundadora de Madres de Plaza de Mayo y oriunda de Avellaneda.\u00a0Estuvieron presentes su nieta Marilyn y su nieto Eduardo.<\/p>\n<p>En este sentido, Mart\u00edn Sabbatella expres\u00f3 que: \u201cRecuperar y sanear el r\u00edo es tambi\u00e9n recuperar nuestra historia y nada mejor que poder inaugurar un lugar que lleva el nombre de Azucena Villaflor que, obviamente, nos emociona porque tiene que ver tambi\u00e9n con un ejercicio colectivo de la memoria permanente, que es la b\u00fasqueda de memoria, verdad y justicia\u201d.<\/p>\n<p>Asistieron al acto Jorge Ferraresi, ministro de Desarrollo Territorial y H\u00e1bitat de la Naci\u00f3n; Mart\u00edn Insaurralde, jefe de gabinete de la provincia de Buenos Aires; Mayra Mendoza, intendenta de Quilmes; Alejo Chornobroff, intendente de Avellaneda y Magdalena Sierra, jefa de gabinete de Secretarios de Avellaneda.<\/p>\n<p>Por parte de\u00a0ACUMAR, estuvieron presentes el director general de Gesti\u00f3n y Pol\u00edtica Social, Antol\u00edn Magallanes, el director del Consejo Municipal, Santiago Pirolo; la directora de Fortalecimiento Comunitario y Promoci\u00f3n de Desarrollo, Mar\u00eda Jos\u00e9 Parra y la coordinadora de Intervenci\u00f3n Territorial, Hebe Lencina. <strong>(VW)<\/strong><\/p>\n<p>&nbsp;<\/p>\n","protected":false},"excerpt":{"rendered":"<p>Es una ampliaci\u00f3n del vivero \u201cAzucena Villaflor\u201d de CEAMSE, en el que ACUMAR aport\u00f3 recursos para la construcci\u00f3n del espacio y para la producci\u00f3n de diversas especies de plantas nativas.<\/p>\n","protected":false},"author":4,"featured_media":6354,"comment_status":"closed","ping_status":"closed","sticky":false,"template":"","format":"standard","meta":{"_monsterinsights_skip_tracking":false,"_monsterinsights_sitenote_active":false,"_monsterinsights_sitenote_note":"","_monsterinsights_sitenote_category":0,"footnotes":""},"categories":[3],"tags":[442,83,2595,2596,2305,2594],"class_list":["post-6352","post","type-post","status-publish","format-standard","has-post-thumbnail","hentry","category-actualidad","tag-acumar","tag-avellaneda","tag-azucena-villaflor","tag-ceamse","tag-sabbatella","tag-vivero"],"_links":{"self":[{"href":"https:\/\/www.visionweb.com.ar\/index.php?rest_route=\/wp\/v2\/posts\/6352","targetHints":{"allow":["GET"]}}],"collection":[{"href":"https:\/\/www.visionweb.com.ar\/index.php?rest_route=\/wp\/v2\/posts"}],"about":[{"href":"https:\/\/www.visionweb.com.ar\/index.php?rest_route=\/wp\/v2\/types\/post"}],"author":[{"embeddable":true,"href":"https:\/\/www.visionweb.com.ar\/index.php?rest_route=\/wp\/v2\/users\/4"}],"replies":[{"embeddable":true,"href":"https:\/\/www.visionweb.com.ar\/index.php?rest_route=%2Fwp%2Fv2%2Fcomments&post=6352"}],"version-history":[{"count":2,"href":"https:\/\/www.visionweb.com.ar\/index.php?rest_route=\/wp\/v2\/posts\/6352\/revisions"}],"predecessor-version":[{"id":6355,"href":"https:\/\/www.visionweb.com.ar\/index.php?rest_route=\/wp\/v2\/posts\/6352\/revisions\/6355"}],"wp:featuredmedia":[{"embeddable":true,"href":"https:\/\/www.visionweb.com.ar\/index.php?rest_route=\/wp\/v2\/media\/6354"}],"wp:attachment":[{"href":"https:\/\/www.visionweb.com.ar\/index.php?rest_route=%2Fwp%2Fv2%2Fmedia&parent=6352"}],"wp:term":[{"taxonomy":"category","embeddable":true,"href":"https:\/\/www.visionweb.com.ar\/index.php?rest_route=%2Fwp%2Fv2%2Fcategories&post=6352"},{"taxonomy":"post_tag","embeddable":true,"href":"https:\/\/www.visionweb.com.ar\/index.php?rest_route=%2Fwp%2Fv2%2Ftags&post=6352"}],"curies":[{"name":"wp","href":"https:\/\/api.w.org\/{rel}","templated":true}]}}