{"id":6346,"date":"2022-07-07T07:46:44","date_gmt":"2022-07-07T10:46:44","guid":{"rendered":"https:\/\/www.visionweb.com.ar\/?p=6346"},"modified":"2022-07-07T07:46:44","modified_gmt":"2022-07-07T10:46:44","slug":"almaceneros-denuncian-que-mayoristas-incrementaron-precios-entre-15-y-40","status":"publish","type":"post","link":"https:\/\/www.visionweb.com.ar\/?p=6346","title":{"rendered":"Almaceneros denuncian que mayoristas incrementaron precios entre 15% y 40%"},"content":{"rendered":"<p><em><strong>Los aumentos fueron m\u00e1s evidentes a partir de los cambios en el ministerio de Econom\u00eda. As\u00ed alertaron desde la Federaci\u00f3n de Almaceneros de la provincia de Buenos Aires.<\/strong><\/em>\u00a0 <!--more--><\/p>\n<p><strong>\u00a0 \u00a0 \u00a0 \u00a0 \u00a0 <img loading=\"lazy\" decoding=\"async\" class=\"size-medium wp-image-284 alignright\" src=\"https:\/\/www.visionweb.com.ar\/wp-content\/uploads\/2020\/11\/ALMACEN-DE-BARRIO-300x173.jpg\" alt=\"\" width=\"300\" height=\"173\" srcset=\"https:\/\/www.visionweb.com.ar\/wp-content\/uploads\/2020\/11\/ALMACEN-DE-BARRIO-300x173.jpg 300w, https:\/\/www.visionweb.com.ar\/wp-content\/uploads\/2020\/11\/ALMACEN-DE-BARRIO.jpg 669w\" sizes=\"auto, (max-width: 300px) 100vw, 300px\" \/>E<\/strong>l presidente de la Federaci\u00f3n de Almaceneros de la provincia de Buenos Aires (FABA), Fernando Savore, denunci\u00f3 que tras los cambios en el Ministerio de Econom\u00eda, se encontraron con aumentos en los mayoristas y proveedores que \u201coscilaban entre el 10% y el 15%, tanto en lo que es comestibles, como en limpieza y perfumer\u00eda\u201d.<\/p>\n<p>Mientras que el titular de la Confederaci\u00f3n General de Almaceneros de la Argentina, H\u00e9ctor Gonz\u00e1lez Pav\u00e1n, asegur\u00f3 que las grandes empresas y los formadores de precios decretaron aumentos mayoristas de m\u00e1s del 40% durante el \u00faltimo fin de semana, y las denunci\u00f3 como las causantes de la \u201cespeculaci\u00f3n\u201d desatada en los precios.<\/p>\n<p>En declaraciones a Radio AM 550, Savore indic\u00f3 que \u201cviendo el revuelo a trav\u00e9s de los medios, lo que hicimos fue enviar una nota a los distintos mayoristas para que nos den la oportunidad de reponer la mercader\u00eda vendida, con abastecimiento y con los mismo precios\u201d, public\u00f3 la agencia DIB..<\/p>\n<p>Sin embargo, el lunes se encontraron con \u201ccambios de precios que oscilaban entre el 10 y el 15%, tanto en lo que es comestibles, como en limpieza y perfumer\u00eda\u201d, explic\u00f3.<\/p>\n<p>A ra\u00edz de eso se mostr\u00f3 preocupado por lo que significa tener que trasladar los incrementos a sus comercios ya que \u201cuno tiene que darle la cara al cliente, que le da de comer todos los d\u00edas y anunciarle un aumento\u201d.<\/p>\n<p>En ese contexto, remarc\u00f3 que a los almacenes no les queda otra opci\u00f3n que actualizar los precios en base a lo que se encuentran cuando van a abastecerse de mercader\u00eda: \u201cNosotros, como comerciantes, compramos y vendemos, por lo que dependemos del precio de un mayorista o un distribuidor. No tenemos la culpa\u201d.<\/p>\n<p>Asimismo, a\u00f1adi\u00f3 que tratan de \u201cabastecer lo poco y necesario para reponer la g\u00f3ndola. Si hay algo que nos perjudica al comerciante de proximidad son los aumentos. Primero, porque perdemos credibilidad en el cliente. Viene con mil pesos y no le alcanza para comprar m\u00e1s de cuatro productos\u201d.<\/p>\n<p>Savore se pronunci\u00f3 a favor de terminar con el h\u00e1bito de aumentar los precios por la suba del tipo de cambio y que cuando baja eso no se vea reflejado de la misma manera, al asegurar que \u201csiempre est\u00e1 el mismo juego: cotizan toda la mercader\u00eda y despu\u00e9s, cuando baja el d\u00f3lar, nadie cotiza para abajo\u201d.<\/p>\n<p>Finalmente se refiri\u00f3 a la diferencia que hay entre los precios de productos de primeras marcas y aquellos que son producidos por pymes y en ese sentido, asegur\u00f3 que \u201choy es el momento de darle m\u00e1s espacio a las peque\u00f1as y medianas empresas\u201d.<\/p>\n<p>\u201cUna pyme solo puede abastecer a su propia ciudad o a una ciudad vecina. Entonces, hay que buscar la mec\u00e1nica como para crear puentes comerciales y que la pyme pueda abastecer comercio de proximidad. Somos 26 mil comercios en la provincia de Buenos Aires y m\u00e1s de 60 mil en el pa\u00eds, mira si no vamos a poder abastecer\u201d, afirm\u00f3.<\/p>\n<h3 style=\"text-align: center;\"><span style=\"color: #0000ff;\"><strong><em>Los aumentos en comestibles y limpieza aumentaron entre el 10 y el 15%<\/em><\/strong><\/span><\/h3>\n<p>Por su parte, el titular de la Confederaci\u00f3n General de Almaceneros de la Argentina, H\u00e9ctor Gonz\u00e1lez Pav\u00e1n, asegur\u00f3 que los incrementos que se registraron en los \u00faltimos d\u00edas en varios productos de consumo cotidiano son consecuencia de las \u201cespeculaciones de las grandes empresas y formadores de precios que se aprovechan de esta situaci\u00f3n\u201d, puntualiz\u00f3, presidente de esa organizaci\u00f3n que nuclea esos comercios minoristas.<\/p>\n<p>Mientras esto ocurre, a\u00f1adi\u00f3 el comerciante, los almaceneros todav\u00eda \u201cno sabemos si vamos a ganar, empatar o perder\u201d. Lo cierto es que \u201clos monopolios nos siguen dominando y lo van a hacer no s\u00e9 hasta cu\u00e1ndo\u201d, denunci\u00f3 durante una entrevista por Radio Ciudadana, de la provincia de Entre R\u00edos.<\/p>\n<p>Para muestra de lo que ocurre, Pav\u00e1n cont\u00f3 un hecho del que fue protagonista hace pocos d\u00edas. \u201cEl viernes, cuatro firmas (productoras de alimentos y productos de consumo diarios) me mandaron una lista de precios y el lunes nos llamaron para decir que esa lista hab\u00eda quedado sin efecto\u201d.<\/p>\n<p>En un plazo de solo tres d\u00edas, precis\u00f3, \u201cnos chocamos con que en gaseosas hubo aumentos del 10%; en l\u00e1cteos, 7%y en limpieza 12%\u201d. Los productos de papel (servilletas, higi\u00e9nico, etc\u00e9tera) \u201caumentaron un 40%; \u00a1est\u00e1n todos locos!\u201d, expres\u00f3.<\/p>\n<p>Seg\u00fan Pav\u00e1n, los precios escalan de esa manera porque \u201chay mucha especulaci\u00f3n\u201d. \u201cNo hay otra raz\u00f3n. \u00bfC\u00f3mo van a subir las cosas un 40% si el d\u00f3lar no subi\u00f3 un 40%?\u201d, cuestion\u00f3<strong>(VW)<\/strong><\/p>\n","protected":false},"excerpt":{"rendered":"<p>Los aumentos fueron m\u00e1s evidentes a partir de los cambios en el ministerio de Econom\u00eda. As\u00ed alertaron desde la Federaci\u00f3n de Almaceneros de la provincia de Buenos Aires.\u00a0<\/p>\n","protected":false},"author":3,"featured_media":284,"comment_status":"closed","ping_status":"closed","sticky":false,"template":"","format":"standard","meta":{"_monsterinsights_skip_tracking":false,"_monsterinsights_sitenote_active":false,"_monsterinsights_sitenote_note":"","_monsterinsights_sitenote_category":0,"footnotes":""},"categories":[3],"tags":[141,2592,646,2593],"class_list":["post-6346","post","type-post","status-publish","format-standard","has-post-thumbnail","hentry","category-actualidad","tag-aumentos","tag-comestibles","tag-economia","tag-limpieza"],"_links":{"self":[{"href":"https:\/\/www.visionweb.com.ar\/index.php?rest_route=\/wp\/v2\/posts\/6346","targetHints":{"allow":["GET"]}}],"collection":[{"href":"https:\/\/www.visionweb.com.ar\/index.php?rest_route=\/wp\/v2\/posts"}],"about":[{"href":"https:\/\/www.visionweb.com.ar\/index.php?rest_route=\/wp\/v2\/types\/post"}],"author":[{"embeddable":true,"href":"https:\/\/www.visionweb.com.ar\/index.php?rest_route=\/wp\/v2\/users\/3"}],"replies":[{"embeddable":true,"href":"https:\/\/www.visionweb.com.ar\/index.php?rest_route=%2Fwp%2Fv2%2Fcomments&post=6346"}],"version-history":[{"count":1,"href":"https:\/\/www.visionweb.com.ar\/index.php?rest_route=\/wp\/v2\/posts\/6346\/revisions"}],"predecessor-version":[{"id":6347,"href":"https:\/\/www.visionweb.com.ar\/index.php?rest_route=\/wp\/v2\/posts\/6346\/revisions\/6347"}],"wp:featuredmedia":[{"embeddable":true,"href":"https:\/\/www.visionweb.com.ar\/index.php?rest_route=\/wp\/v2\/media\/284"}],"wp:attachment":[{"href":"https:\/\/www.visionweb.com.ar\/index.php?rest_route=%2Fwp%2Fv2%2Fmedia&parent=6346"}],"wp:term":[{"taxonomy":"category","embeddable":true,"href":"https:\/\/www.visionweb.com.ar\/index.php?rest_route=%2Fwp%2Fv2%2Fcategories&post=6346"},{"taxonomy":"post_tag","embeddable":true,"href":"https:\/\/www.visionweb.com.ar\/index.php?rest_route=%2Fwp%2Fv2%2Ftags&post=6346"}],"curies":[{"name":"wp","href":"https:\/\/api.w.org\/{rel}","templated":true}]}}