{"id":6338,"date":"2022-07-06T13:01:57","date_gmt":"2022-07-06T16:01:57","guid":{"rendered":"https:\/\/www.visionweb.com.ar\/?p=6338"},"modified":"2022-07-06T13:01:57","modified_gmt":"2022-07-06T16:01:57","slug":"grindetti-se-reunio-con-dirigentes-de-la-tercera","status":"publish","type":"post","link":"https:\/\/www.visionweb.com.ar\/?p=6338","title":{"rendered":"Grindetti se reuni\u00f3 con dirigentes de la Tercera"},"content":{"rendered":"<p><em><strong>Con referentes PRO y la mirada puesta en la situaci\u00f3n social, Grindetti apunta a contener a los vecinos frente a la crisis.<\/strong><\/em><!--more--><\/p>\n<p><strong><img loading=\"lazy\" decoding=\"async\" class=\"size-medium wp-image-6340 alignleft\" src=\"https:\/\/www.visionweb.com.ar\/wp-content\/uploads\/2022\/07\/grindetti-reunion-3ra.-seccion-300x155.jpg\" alt=\"\" width=\"300\" height=\"155\" srcset=\"https:\/\/www.visionweb.com.ar\/wp-content\/uploads\/2022\/07\/grindetti-reunion-3ra.-seccion-300x155.jpg 300w, https:\/\/www.visionweb.com.ar\/wp-content\/uploads\/2022\/07\/grindetti-reunion-3ra.-seccion.jpg 654w\" sizes=\"auto, (max-width: 300px) 100vw, 300px\" \/>E<\/strong>l intendente N\u00e9stor Grindetti se reuni\u00f3 ayer en un almuerzo con m\u00e1s de treinta dirigentes del PRO, entre concejales, legisladores provinciales y referentes territoriales del conurbano. En ese marco intercambiaron ideas y propuestas y se comprometieron a llevar a sus distritos la idea de que hay un \u201ccamino posible de salida de la crisis\u201d.<\/p>\n<p>As\u00ed, el Intendente de Lan\u00fas expres\u00f3: \u00abTenemos que volver a las bases, caminar, escuchar y contener a los vecinos que la est\u00e1n pasando realmente mal, tenemos que mostrarles que hay un camino posible de salida de esta crisis pero con humildad y sabiendo que no es f\u00e1cil \u00ab.<\/p>\n<p>Por su parte, el vicepresidente de la C\u00e1mara de Diputados bonaerense, Adri\u00e1n Urreli agradeci\u00f3 la presencia de los dirigentes y los anim\u00f3 \u201ca construir un camino conjunto para llevar el mensaje del PRO a cada rinc\u00f3n del conurbano\u201d.<\/p>\n<p>En esa l\u00ednea, Grindetti detall\u00f3: \u00abTenemos que ser conscientes que la situaci\u00f3n social en los barrios est\u00e1 contenida porque hay un aporte importante de los intendentes de todos ustedes que caminan a diario y ayudan a los vecinos m\u00e1s necesitados, pero la complejizaci\u00f3n de la situaci\u00f3n econ\u00f3mica y la falta de un plan serio y consistente a nivel nacional y provincial nos ponen a las puertas de un problema mayor, hay que mirar la micro con detenimiento\u00bb.<\/p>\n<p>Integraron la reuni\u00f3n, el intendente de Lobos Jorge Etcheverry, la senadora provincial Aldana Ahumada, los ex diputados, Gustavo Velez y Mart\u00edn Medina, el secretario de Educaci\u00f3n de Lan\u00fas, Dami\u00e1n Sala, los concejales, Ruben Baravani (Ezeiza) Pablo Macedas, Leticia y Patricia Bontempo (Alte. Brown), Carlos Boco (Florencio Varela), Mauro Arranz (Pte. Per\u00f3n), Analia Leguizam\u00f3n (Pilar), Carolina Podlesker (Malvinas Argentinas), los consejeros escolares, Nicol\u00e1s Bari (Lomas), Danilo D\u00b4Angelo (Quilmes), Lorena Luna (Alte. Brown), el ex candidato a intendente de Ca\u00f1uelas, Santiago Mcgoey, entre otros referentes distritales. <strong>(VW)<\/strong><\/p>\n<p>&nbsp;<\/p>\n","protected":false},"excerpt":{"rendered":"<p>Con referentes PRO y la mirada puesta en la situaci\u00f3n social, Grindetti apunta a contener a los vecinos frente a la crisis.<\/p>\n","protected":false},"author":4,"featured_media":6340,"comment_status":"closed","ping_status":"closed","sticky":false,"template":"","format":"standard","meta":{"_monsterinsights_skip_tracking":false,"_monsterinsights_sitenote_active":false,"_monsterinsights_sitenote_note":"","_monsterinsights_sitenote_category":0,"footnotes":""},"categories":[4],"tags":[18,2590,1161],"class_list":["post-6338","post","type-post","status-publish","format-standard","has-post-thumbnail","hentry","category-politica","tag-grindetti","tag-reunion-dirigentes-pro","tag-tercera-seccion"],"_links":{"self":[{"href":"https:\/\/www.visionweb.com.ar\/index.php?rest_route=\/wp\/v2\/posts\/6338","targetHints":{"allow":["GET"]}}],"collection":[{"href":"https:\/\/www.visionweb.com.ar\/index.php?rest_route=\/wp\/v2\/posts"}],"about":[{"href":"https:\/\/www.visionweb.com.ar\/index.php?rest_route=\/wp\/v2\/types\/post"}],"author":[{"embeddable":true,"href":"https:\/\/www.visionweb.com.ar\/index.php?rest_route=\/wp\/v2\/users\/4"}],"replies":[{"embeddable":true,"href":"https:\/\/www.visionweb.com.ar\/index.php?rest_route=%2Fwp%2Fv2%2Fcomments&post=6338"}],"version-history":[{"count":2,"href":"https:\/\/www.visionweb.com.ar\/index.php?rest_route=\/wp\/v2\/posts\/6338\/revisions"}],"predecessor-version":[{"id":6341,"href":"https:\/\/www.visionweb.com.ar\/index.php?rest_route=\/wp\/v2\/posts\/6338\/revisions\/6341"}],"wp:featuredmedia":[{"embeddable":true,"href":"https:\/\/www.visionweb.com.ar\/index.php?rest_route=\/wp\/v2\/media\/6340"}],"wp:attachment":[{"href":"https:\/\/www.visionweb.com.ar\/index.php?rest_route=%2Fwp%2Fv2%2Fmedia&parent=6338"}],"wp:term":[{"taxonomy":"category","embeddable":true,"href":"https:\/\/www.visionweb.com.ar\/index.php?rest_route=%2Fwp%2Fv2%2Fcategories&post=6338"},{"taxonomy":"post_tag","embeddable":true,"href":"https:\/\/www.visionweb.com.ar\/index.php?rest_route=%2Fwp%2Fv2%2Ftags&post=6338"}],"curies":[{"name":"wp","href":"https:\/\/api.w.org\/{rel}","templated":true}]}}