{"id":6331,"date":"2022-07-06T07:25:31","date_gmt":"2022-07-06T10:25:31","guid":{"rendered":"https:\/\/www.visionweb.com.ar\/?p=6331"},"modified":"2022-07-05T23:34:03","modified_gmt":"2022-07-06T02:34:03","slug":"se-presento-la-guia-practica-hacia-la-construccion-de-un-lenguaje-mas-representativo","status":"publish","type":"post","link":"https:\/\/www.visionweb.com.ar\/?p=6331","title":{"rendered":"Se present\u00f3 la gu\u00eda pr\u00e1ctica \u00abHacia la construcci\u00f3n de un lenguaje m\u00e1s representativo\u00bb"},"content":{"rendered":"<p><em><strong>La gu\u00eda est\u00e1 compuesta por cuatro cap\u00edtulos, referencias bibliogr\u00e1ficas y un compendio normativo que incluye el contenido de tres leyes, dos de ellas nacionales y una provincial.<\/strong><\/em><!--more--><\/p>\n<p><strong>\u00a0 \u00a0 \u00a0 <img loading=\"lazy\" decoding=\"async\" class=\"size-medium wp-image-6332 alignright\" src=\"https:\/\/www.visionweb.com.ar\/wp-content\/uploads\/2022\/07\/Lenguaje-inclusivo-300x200.png\" alt=\"\" width=\"300\" height=\"200\" srcset=\"https:\/\/www.visionweb.com.ar\/wp-content\/uploads\/2022\/07\/Lenguaje-inclusivo-300x200.png 300w, https:\/\/www.visionweb.com.ar\/wp-content\/uploads\/2022\/07\/Lenguaje-inclusivo.png 640w\" sizes=\"auto, (max-width: 300px) 100vw, 300px\" \/>B<\/strong>ajo el lema \u201cTodo se Transforma, El Lenguaje Tambi\u00e9n\u201d, la HCD en coordinaci\u00f3n con el Instituto Nacional contra la Discriminaci\u00f3n, la Xenofobia y el Racismo (INADI), present\u00f3 esta herramienta cuya funci\u00f3n es orientar al personal de la C\u00e1mara que lo desee, a incorporar un uso de leguaje m\u00e1s representativo a la hora de comunicar y comunicarse.<\/p>\n<p>La gu\u00eda est\u00e1 compuesta por cuatro cap\u00edtulos, referencias bibliogr\u00e1ficas y un compendio normativo que incluye el contenido de tres leyes, dos de ellas nacionales y una provincial, y por \u00faltimo el decreto presidencial DNI No Binario.<\/p>\n<p>Participaron de la presentaci\u00f3n la diputada Ayel\u00e9n Rasquetti, vicepresidenta de la comisi\u00f3n de G\u00e9nero y Diversidad; Maru Breard, directora de Equidad de G\u00e9nero y Diversidad Sexual de la HCD; Paz Bertero, secretaria General de la Presidencia de la HCD, Karina Vitaller integrante del INADI delegaci\u00f3n La Plata y Luc\u00eda Garc\u00eda Itzigsohn, directora Comunicacional del Ministerio de las Mujeres, Pol\u00edticas de G\u00e9nero y Diversidad Sexual de la provincia de Buenos Aires. Coordin\u00f3 el panel Pam Dilda, integrante del Equipo t\u00e9cnico de la Direcci\u00f3n de Equidad de G\u00e9nero y Diversidad Sexual de la HCD.<\/p>\n<p>La diputada Ayel\u00e9n Rasquetti afirm\u00f3 que \u201cestamos trabajando desde la comisi\u00f3n de G\u00e9nero y Diversidad, y tambi\u00e9n desde todas las \u00e1reas, con esta gu\u00eda del lenguaje no sexista que ser\u00e1 utilizada por los diputados, las diputadas y les diputades de esta C\u00e1mara, siendo conscientes que nos falta todav\u00eda much\u00edsimo camino por recorrer\u201d.<\/p>\n<p>Maru Breard, por su parte, hizo menci\u00f3n a las direcciones de g\u00e9nero en las \u00e1reas institucionales y asegur\u00f3 que \u201cson lugares de batalla\u201d. Y agreg\u00f3: \u201cTrabajando en conjunto se puede aportar un granito de arena como con esta gu\u00eda de lenguaje. Buscamos estrategias para poder ser amables al momento de proponer un material y que pueda servir de instrumento no solamente en el \u00e1mbito legislativo, sino que tambi\u00e9n en un \u00e1mbito personal para poder reflexionar hacia el cumplimiento de una ley como de identidad de g\u00e9nero\u201d, afirm\u00f3 Breard.<\/p>\n<p>En tanto, Paz Bertero, reafirm\u00f3 que el camino que se encara desde el inicio de la gesti\u00f3n desde la presidencia de la C\u00e1mara: \u201cSiempre intentamos estar a tino con las cuestiones vinculadas con la igualdad de g\u00e9nero y con poder generar una c\u00e1mara que sea cada vez m\u00e1s igualitaria desde todo punto de vista, y el lenguaje es uno de ellos\u201d.<\/p>\n<p>Por su parte, Karina Vitaller, del Inadi asegur\u00f3 que \u201cnuestra responsabilidad es hacer que todas las identidades sean identidades leg\u00edtimas v\u00e1lidas y que tengan un lenguaje claro\u201d.<\/p>\n<p>Por \u00faltimo, Lucia Garc\u00eda Itzigsohn, representante del Poder Ejecutivo provincial, destac\u00f3 la presentaci\u00f3n de la gu\u00eda al consolidar la utilizaci\u00f3n del esta nueva herramienta. \u201cPensamos que el uso del lenguaje en el Estado tiene que dar cuenta de una diversidad muy amplia que tiene que ver con el g\u00e9nero pero tambi\u00e9n tiene que ver con la diversidad cultural\u201d, dijo Garc\u00eda Itzigsohn.<strong>(VW)<\/strong><\/p>\n","protected":false},"excerpt":{"rendered":"<p>La gu\u00eda est\u00e1 compuesta por cuatro cap\u00edtulos, referencias bibliogr\u00e1ficas y un compendio normativo que incluye el contenido de tres leyes, dos de ellas nacionales y una provincial.<\/p>\n","protected":false},"author":3,"featured_media":6332,"comment_status":"closed","ping_status":"closed","sticky":false,"template":"","format":"standard","meta":{"_monsterinsights_skip_tracking":false,"_monsterinsights_sitenote_active":false,"_monsterinsights_sitenote_note":"","_monsterinsights_sitenote_category":0,"footnotes":""},"categories":[4],"tags":[2587,2446,2586],"class_list":["post-6331","post","type-post","status-publish","format-standard","has-post-thumbnail","hentry","category-politica","tag-hcd-de-buenos-aires","tag-lenguaje-inclusivo","tag-orgullo-gay"],"_links":{"self":[{"href":"https:\/\/www.visionweb.com.ar\/index.php?rest_route=\/wp\/v2\/posts\/6331","targetHints":{"allow":["GET"]}}],"collection":[{"href":"https:\/\/www.visionweb.com.ar\/index.php?rest_route=\/wp\/v2\/posts"}],"about":[{"href":"https:\/\/www.visionweb.com.ar\/index.php?rest_route=\/wp\/v2\/types\/post"}],"author":[{"embeddable":true,"href":"https:\/\/www.visionweb.com.ar\/index.php?rest_route=\/wp\/v2\/users\/3"}],"replies":[{"embeddable":true,"href":"https:\/\/www.visionweb.com.ar\/index.php?rest_route=%2Fwp%2Fv2%2Fcomments&post=6331"}],"version-history":[{"count":1,"href":"https:\/\/www.visionweb.com.ar\/index.php?rest_route=\/wp\/v2\/posts\/6331\/revisions"}],"predecessor-version":[{"id":6333,"href":"https:\/\/www.visionweb.com.ar\/index.php?rest_route=\/wp\/v2\/posts\/6331\/revisions\/6333"}],"wp:featuredmedia":[{"embeddable":true,"href":"https:\/\/www.visionweb.com.ar\/index.php?rest_route=\/wp\/v2\/media\/6332"}],"wp:attachment":[{"href":"https:\/\/www.visionweb.com.ar\/index.php?rest_route=%2Fwp%2Fv2%2Fmedia&parent=6331"}],"wp:term":[{"taxonomy":"category","embeddable":true,"href":"https:\/\/www.visionweb.com.ar\/index.php?rest_route=%2Fwp%2Fv2%2Fcategories&post=6331"},{"taxonomy":"post_tag","embeddable":true,"href":"https:\/\/www.visionweb.com.ar\/index.php?rest_route=%2Fwp%2Fv2%2Ftags&post=6331"}],"curies":[{"name":"wp","href":"https:\/\/api.w.org\/{rel}","templated":true}]}}