{"id":6327,"date":"2022-07-06T07:51:21","date_gmt":"2022-07-06T10:51:21","guid":{"rendered":"https:\/\/www.visionweb.com.ar\/?p=6327"},"modified":"2022-07-05T23:23:48","modified_gmt":"2022-07-06T02:23:48","slug":"cerca-de-55-000-jovenes-se-anotaron-en-el-programa-de-viajes-de-egresado-gratuitos","status":"publish","type":"post","link":"https:\/\/www.visionweb.com.ar\/?p=6327","title":{"rendered":"Cerca de 55.000 j\u00f3venes se anotaron en el programa de viajes de egresado gratuitos"},"content":{"rendered":"<p><strong><em>Seg\u00fan el programa, los viajes de fin de curso duran cuatro d\u00edas y tres noches, cuentan con dos excursiones diarias, tienen todos los gastos incluidos.<\/em>\u00a0 \u00a0 \u00a0 \u00a0\u00a0<\/strong><!--more--><\/p>\n<p><strong>\u00a0 \u00a0 <img loading=\"lazy\" decoding=\"async\" class=\"size-medium wp-image-6329 alignleft\" src=\"https:\/\/www.visionweb.com.ar\/wp-content\/uploads\/2022\/07\/Viajes-de-Egresados-300x203.png\" alt=\"\" width=\"300\" height=\"203\" srcset=\"https:\/\/www.visionweb.com.ar\/wp-content\/uploads\/2022\/07\/Viajes-de-Egresados-300x203.png 300w, https:\/\/www.visionweb.com.ar\/wp-content\/uploads\/2022\/07\/Viajes-de-Egresados.png 640w\" sizes=\"auto, (max-width: 300px) 100vw, 300px\" \/>\u00a0 U<\/strong>nos 55 mil j\u00f3venes se inscribieron durante el fin de semana para participar de la segunda edici\u00f3n del Programa de viajes de egresados financiados por el Gobierno de la provincia de Buenos Aires, informaron fuentes del Ministerio de la Producci\u00f3n.<\/p>\n<p>La segunda edici\u00f3n del programa de viajes de egresados gratuitos fue lanzado luego de que durante 2021 viajaran unos 40.000 estudiantes a diversos destinos tur\u00edsticos bonaerenses.<\/p>\n<p>Para este a\u00f1o desde el Gobierno bonaerense indican que la cantidad de beneficiarios podr\u00eda ascender a 220.000.<\/p>\n<p>Los interesados -alumnos del \u00faltimo a\u00f1o de escuelas de gesti\u00f3n estatal o privada- podr\u00e1n anotarse en la web\u00a0<a href=\"http:\/\/www.viajefindecurso.gba.gob.ar\/\">viajefindecurso.gba.gob.ar<\/a>\u00a0hasta el 31 de julio para realizar sus viajes al destino que elijan -sierras, lagunas o playas- entre el 15 de septiembre y el 30 de noviembre.<\/p>\n<p>Seg\u00fan el programa, los viajes de fin de curso duran cuatro d\u00edas y tres noches, cuentan con dos excursiones diarias, tienen todos los gastos incluidos -traslados, hoteler\u00eda, las excursiones diarias y una nocturna, gastronom\u00eda y seguros- y viajan a distintos destinos tur\u00edsticos de la provincia de Buenos Aires, lo que tambi\u00e9n permite promover actividades culturales y comerciales para el turismo juvenil en distintos municipios.<\/p>\n<h3 style=\"text-align: center;\"><span style=\"color: #339966;\"><strong><em>Este a\u00f1o los beneficiarios podr\u00edan alcanzar a los 220.000 j\u00f3venes.<\/em><\/strong>\u00a0 \u00a0<\/span><\/h3>\n<p>Adem\u00e1s, el programa contempla la bonificaci\u00f3n del viaje para un padre o una madre como acompa\u00f1ante cada veinte estudiantes, y la posibilidad de unificar viajes en caso de cursos peque\u00f1os.<\/p>\n<p>Al anunciar la segunda edici\u00f3n del programa, el ministro de Producci\u00f3n, Ciencia e Innovaci\u00f3n Tecnol\u00f3gica, Augusto Costa, afirm\u00f3 a T\u00e9lam que \u00abgracias a esta pol\u00edtica le estamos dando la posibilidad a miles de pibas y pibes, que por cuestiones econ\u00f3micas no lo pueden realizar, de llevar adelante su viajes de fin de curso y en muchas ocasiones de conocer por primera vez distintas localidades de la Provincia\u00bb.<\/p>\n<p>\u00abEs una pol\u00edtica redonda: garantiza derechos, genera trabajo e ingresos y permite extender la temporada tur\u00edstica\u201d, reflexion\u00f3 el funcionario provincial.<\/p>\n<p>El programa Viajes de Fin de Curso busca favorecer al sector tur\u00edstico, al incentivar la actividad en distintos municipios de la provincia fuera de temporada y, al mismo tiempo, a contribuir y promover la revinculaci\u00f3n social y afectiva de las juventudes en la salida de la pandemia, garantiz\u00e1ndoles el derecho a viajar en la provincia de Buenos Aires<strong>(VW)<\/strong>.<\/p>\n<p><em><strong>Con informaci\u00f3n de la agencia Telam<\/strong><\/em><\/p>\n","protected":false},"excerpt":{"rendered":"<p>Seg\u00fan el programa, los viajes de fin de curso duran cuatro d\u00edas y tres noches, cuentan con dos excursiones diarias, tienen todos los gastos incluidos.\u00a0 \u00a0 \u00a0 \u00a0\u00a0<\/p>\n","protected":false},"author":3,"featured_media":6329,"comment_status":"closed","ping_status":"closed","sticky":false,"template":"","format":"standard","meta":{"_monsterinsights_skip_tracking":false,"_monsterinsights_sitenote_active":false,"_monsterinsights_sitenote_note":"","_monsterinsights_sitenote_category":0,"footnotes":""},"categories":[700],"tags":[2585,2584,50],"class_list":["post-6327","post","type-post","status-publish","format-standard","has-post-thumbnail","hentry","category-turismo","tag-cuatro-jornadas","tag-finde-curso","tag-viajes"],"_links":{"self":[{"href":"https:\/\/www.visionweb.com.ar\/index.php?rest_route=\/wp\/v2\/posts\/6327","targetHints":{"allow":["GET"]}}],"collection":[{"href":"https:\/\/www.visionweb.com.ar\/index.php?rest_route=\/wp\/v2\/posts"}],"about":[{"href":"https:\/\/www.visionweb.com.ar\/index.php?rest_route=\/wp\/v2\/types\/post"}],"author":[{"embeddable":true,"href":"https:\/\/www.visionweb.com.ar\/index.php?rest_route=\/wp\/v2\/users\/3"}],"replies":[{"embeddable":true,"href":"https:\/\/www.visionweb.com.ar\/index.php?rest_route=%2Fwp%2Fv2%2Fcomments&post=6327"}],"version-history":[{"count":1,"href":"https:\/\/www.visionweb.com.ar\/index.php?rest_route=\/wp\/v2\/posts\/6327\/revisions"}],"predecessor-version":[{"id":6330,"href":"https:\/\/www.visionweb.com.ar\/index.php?rest_route=\/wp\/v2\/posts\/6327\/revisions\/6330"}],"wp:featuredmedia":[{"embeddable":true,"href":"https:\/\/www.visionweb.com.ar\/index.php?rest_route=\/wp\/v2\/media\/6329"}],"wp:attachment":[{"href":"https:\/\/www.visionweb.com.ar\/index.php?rest_route=%2Fwp%2Fv2%2Fmedia&parent=6327"}],"wp:term":[{"taxonomy":"category","embeddable":true,"href":"https:\/\/www.visionweb.com.ar\/index.php?rest_route=%2Fwp%2Fv2%2Fcategories&post=6327"},{"taxonomy":"post_tag","embeddable":true,"href":"https:\/\/www.visionweb.com.ar\/index.php?rest_route=%2Fwp%2Fv2%2Ftags&post=6327"}],"curies":[{"name":"wp","href":"https:\/\/api.w.org\/{rel}","templated":true}]}}