{"id":6322,"date":"2022-07-05T17:39:27","date_gmt":"2022-07-05T20:39:27","guid":{"rendered":"https:\/\/www.visionweb.com.ar\/?p=6322"},"modified":"2022-07-05T17:39:27","modified_gmt":"2022-07-05T20:39:27","slug":"la-nueva-ministra-de-economia-aun-no-dio-respuesta-a-la-solicitud-de-grindetti","status":"publish","type":"post","link":"https:\/\/www.visionweb.com.ar\/?p=6322","title":{"rendered":"La nueva Ministra de Econom\u00eda a\u00fan no dio respuesta a la solicitud de Grindetti"},"content":{"rendered":"<p><em><strong>Pidi\u00f3 a la reciente ministra que re\u00fana a todos los intendentes, pero a\u00fan no dio respuesta. Grindetti asegur\u00f3: \u201cEl conurbano no estalla porque somos los intendentes los que paramos la olla, necesitamos certidumbre y un rumbo claro\u201d.<\/strong><\/em><!--more--><\/p>\n<p><strong><img loading=\"lazy\" decoding=\"async\" class=\"size-full wp-image-6324 aligncenter\" src=\"https:\/\/www.visionweb.com.ar\/wp-content\/uploads\/2022\/07\/Grindetti-pide-reunion.bmp\" alt=\"\" width=\"595\" height=\"303\" \/>E<\/strong>l intendente de Lan\u00fas y referente provincial del PRO, N\u00e9stor Grindetti pidi\u00f3 que la nueva ministra de Econom\u00eda nacional Silvina Batakis, convoque a todos los intendentes para analizar la microeconom\u00eda y fundamentalmente las medidas que se tomar\u00e1n a nivel nacional y tendr\u00e1n repercusi\u00f3n en el conurbano bonaerense.<\/p>\n<p>En sus redes sociales, Grindetti expres\u00f3: \u00abComo intendente de un municipio del conurbano, le pido a la nueva ministra @sbatakis, ya que fue ministra de econom\u00eda provincial y conoce bien la realidad de los distritos bonaerenses, que en entre sus primeras acciones nos convoque a los intendentes tanto del oficialismo como de la oposici\u00f3n para atender la microeconom\u00eda\u00bb.<\/p>\n<p>Y agreg\u00f3: \u00abEl conurbano no estalla porque somos los intendentes los que paramos la olla, necesitamos certidumbre y un rumbo claro. Todas las decisiones macro repercuten el doble en nuestros municipios para bien y para mal\u00bb.<\/p>\n<p><a href=\"https:\/\/www.visionweb.com.ar\/wp-content\/uploads\/2022\/07\/grindetti.bmp\"><img loading=\"lazy\" decoding=\"async\" class=\"size-full wp-image-6325 aligncenter\" src=\"https:\/\/www.visionweb.com.ar\/wp-content\/uploads\/2022\/07\/grindetti.bmp\" alt=\"\" width=\"507\" height=\"298\" \/><\/a>Anteriormente, tras conocerse el s\u00e1bado la renuncia del ministro nacional de Econom\u00eda y del secretario de Hacienda mientras Cristina Fern\u00e1ndez hablaba en Ensenada, el intendente N\u00e9stor Grindetti critic\u00f3 la falta de rumbo econ\u00f3mico del gobierno nacional y reclam\u00f3 una hoja de ruta clara.<\/p>\n<p>A la vez, y fiel a sus cr\u00edticas anteriores, el referente PRO bonaerense recalc\u00f3 que la inflaci\u00f3n es imparable.<\/p>\n<p>\u00abEl problema no era Guzm\u00e1n. El problema es que nunca hubo un plan econ\u00f3mico. Este gobierno no tiene m\u00e1s lugar para la improvisaci\u00f3n, nos tiene que mostrar una hoja de ruta clara hacia donde va a ir la econom\u00eda argentina. La inflaci\u00f3n es imparable y vivimos con angustia\u00bb, expres\u00f3 Grindetti en las redes.\u00a0<strong>(VW)<\/strong><\/p>\n<p>&nbsp;<\/p>\n","protected":false},"excerpt":{"rendered":"<p>Pidi\u00f3 a la reciente ministra que re\u00fana a todos los intendentes, pero a\u00fan no dio respuesta. Grindetti asegur\u00f3: \u201cEl conurbano no estalla porque somos los intendentes los que paramos la olla, necesitamos certidumbre y&#46;&#46;&#46;<\/p>\n","protected":false},"author":4,"featured_media":6325,"comment_status":"closed","ping_status":"closed","sticky":false,"template":"","format":"standard","meta":{"_monsterinsights_skip_tracking":false,"_monsterinsights_sitenote_active":false,"_monsterinsights_sitenote_note":"","_monsterinsights_sitenote_category":0,"footnotes":""},"categories":[4],"tags":[18,2582,2581,2583],"class_list":["post-6322","post","type-post","status-publish","format-standard","has-post-thumbnail","hentry","category-politica","tag-grindetti","tag-ministra-de-economia","tag-reunion-de-intendentes","tag-silvina-batakis"],"_links":{"self":[{"href":"https:\/\/www.visionweb.com.ar\/index.php?rest_route=\/wp\/v2\/posts\/6322","targetHints":{"allow":["GET"]}}],"collection":[{"href":"https:\/\/www.visionweb.com.ar\/index.php?rest_route=\/wp\/v2\/posts"}],"about":[{"href":"https:\/\/www.visionweb.com.ar\/index.php?rest_route=\/wp\/v2\/types\/post"}],"author":[{"embeddable":true,"href":"https:\/\/www.visionweb.com.ar\/index.php?rest_route=\/wp\/v2\/users\/4"}],"replies":[{"embeddable":true,"href":"https:\/\/www.visionweb.com.ar\/index.php?rest_route=%2Fwp%2Fv2%2Fcomments&post=6322"}],"version-history":[{"count":2,"href":"https:\/\/www.visionweb.com.ar\/index.php?rest_route=\/wp\/v2\/posts\/6322\/revisions"}],"predecessor-version":[{"id":6326,"href":"https:\/\/www.visionweb.com.ar\/index.php?rest_route=\/wp\/v2\/posts\/6322\/revisions\/6326"}],"wp:featuredmedia":[{"embeddable":true,"href":"https:\/\/www.visionweb.com.ar\/index.php?rest_route=\/wp\/v2\/media\/6325"}],"wp:attachment":[{"href":"https:\/\/www.visionweb.com.ar\/index.php?rest_route=%2Fwp%2Fv2%2Fmedia&parent=6322"}],"wp:term":[{"taxonomy":"category","embeddable":true,"href":"https:\/\/www.visionweb.com.ar\/index.php?rest_route=%2Fwp%2Fv2%2Fcategories&post=6322"},{"taxonomy":"post_tag","embeddable":true,"href":"https:\/\/www.visionweb.com.ar\/index.php?rest_route=%2Fwp%2Fv2%2Ftags&post=6322"}],"curies":[{"name":"wp","href":"https:\/\/api.w.org\/{rel}","templated":true}]}}