{"id":6315,"date":"2022-07-05T09:26:50","date_gmt":"2022-07-05T12:26:50","guid":{"rendered":"https:\/\/www.visionweb.com.ar\/?p=6315"},"modified":"2022-07-05T09:33:20","modified_gmt":"2022-07-05T12:33:20","slug":"el-programa-circuito-de-ahorro-brown-suma-productos-de-calidad-a-precios-accesibles","status":"publish","type":"post","link":"https:\/\/www.visionweb.com.ar\/?p=6315","title":{"rendered":"El programa \u201cCircuito de Ahorro Brown\u201d suma productos de calidad a precios accesibles"},"content":{"rendered":"<p style=\"font-weight: 400;\"><em><strong>El Municipio de Almirante Brown contin\u00faa promoviendo m\u00faltiples alternativas \u00a0para fortalecer la econom\u00eda popular del distrito y ofrecer a las vecinas y vecinos productos de calidad a precios accesibles.<\/strong><\/em><!--more--><\/p>\n<div id=\"attachment_6316\" style=\"width: 310px\" class=\"wp-caption alignright\"><img loading=\"lazy\" decoding=\"async\" aria-describedby=\"caption-attachment-6316\" class=\"wp-image-6316 size-medium\" src=\"https:\/\/www.visionweb.com.ar\/wp-content\/uploads\/2022\/07\/PRECIOS-POPULARES-300x137.png\" alt=\"\" width=\"300\" height=\"137\" srcset=\"https:\/\/www.visionweb.com.ar\/wp-content\/uploads\/2022\/07\/PRECIOS-POPULARES-300x137.png 300w, https:\/\/www.visionweb.com.ar\/wp-content\/uploads\/2022\/07\/PRECIOS-POPULARES.png 640w\" sizes=\"auto, (max-width: 300px) 100vw, 300px\" \/><p id=\"caption-attachment-6316\" class=\"wp-caption-text\"><strong><em>Los vecinos de almirante Brown pueden conseguir en estas ferias productos de buena calidad y a precios accesibles (Prensa Municipio de A. Brown) <\/em><\/strong><\/p><\/div>\n<p style=\"font-weight: 400;\"><strong>\u00a0 \u00a0 \u00a0 \u00a0C<\/strong>on el programa \u00a0\u201cCircuito de Ahorro Brown\u201d -una iniciativa puesta en marcha a trav\u00e9s de la Secretar\u00eda de Producci\u00f3n, Empleo y Formaci\u00f3n Profesional y el Instituto Municipal de la Econom\u00eda Social- la Comuna vincula las diversas propuestas de comercializaci\u00f3n posibilitando que los consumidores adquieran, de forma directa con los productores del distrito, elementos \u00a0de calidad a precios accesibles.<\/p>\n<p style=\"font-weight: 400;\">\u201cDesde el Municipio de Almirante Brown seguimos fomentando los diferentes encuentros y ferias de comercializaci\u00f3n de los productores locales que ofrecen productos de calidad a precios populares, generando una cadena que beneficia tambi\u00e9n a todos nuestros vecinos y vecinas del distrito\u201d, se\u00f1al\u00f3 al respecto Mariano Cascallares.<\/p>\n<p style=\"font-weight: 400;\">Desde la gesti\u00f3n del intendente interino, Juan Fabiani, indicaron que para el mes de julio el cronograma de actividades es el siguiente:<\/p>\n<p style=\"font-weight: 400;\">El \u201cMercado en tu Barrio\u201d llega los martes (5, 12, 19 y 26) y viernes (1, 8, 15, y 22) de julio a la estaci\u00f3n ferroviaria de Longchamps, lado Este. All\u00ed se pueden comprar, de 9 a 14 horas, productos de almac\u00e9n, frutos secos, frutas y verduras, miel, panificados y pescado.<\/p>\n<p style=\"font-weight: 400;\">En tanto los mi\u00e9rcoles 6, 13, 20 y 27 de julio la iniciativa vuelve a la Plaza San Cayetano de Burzaco, en Terrero entre Uruguay y Sempere.<\/p>\n<p style=\"font-weight: 400;\">Por otro lado, todos los viernes de 9 a 14 los vecinos y vecinas podr\u00e1n acercarse a la \u201cFeria de Productores Rurales\u201d, en la plaza Cerreti de Adrogu\u00e9, ubicada en Toll y Bouchard; mientras que la propuesta llega los s\u00e1bados a la Granja Educativa Municipal de Ministro Rivadavia (Juan B. Justo 1000) de 10 a 16. En el lugar se pueden adquirir embutidos, quesos, plantas, frutas y\u00a0verduras, adem\u00e1s de panificados. En la feria de la plaza Cerreti tambi\u00e9n se vende pescado.<\/p>\n<p style=\"font-weight: 400;\">Tambi\u00e9n los viernes en diferentes sectores del distrito,\u00a0los vecinos podr\u00e1n acceder a los productos- entre ellos, carnes, l\u00e1cteos, pastas, verduras y panificados- que ofrece el Mercado de Productores Familiares y Almacenazo Popular, en el horario de 9 a 13.<\/p>\n<p style=\"font-weight: 400;\">En tanto los martes\u00a0llegan \u00a0las ferias itinerantes del Plan Federal, con verduras y frutas por kilo y panader\u00eda. El cronograma semanal de ambas propuestas se puede conocer a trav\u00e9s del Instagram @economiasocialbrown<\/p>\n<p style=\"font-weight: 400;\">Otro de los lugares de mercadeo es el \u201cMercado Multiplicar\u201d que, de lunes a s\u00e1bados de 9 a 14 horas, ofrece, frutas, verduras, productos de almac\u00e9n y de diet\u00e9tica, en el Centro de Desarrollo Productivo Incuba Brown, ubicado en Uruguay y Cruz del Sur en Burzaco <strong>(VW)<\/strong>.<\/p>\n","protected":false},"excerpt":{"rendered":"<p>El Municipio de Almirante Brown contin\u00faa promoviendo m\u00faltiples alternativas \u00a0para fortalecer la econom\u00eda popular del distrito y ofrecer a las vecinas y vecinos productos de calidad a precios accesibles.<\/p>\n","protected":false},"author":3,"featured_media":6316,"comment_status":"closed","ping_status":"closed","sticky":false,"template":"","format":"standard","meta":{"_monsterinsights_skip_tracking":false,"_monsterinsights_sitenote_active":false,"_monsterinsights_sitenote_note":"","_monsterinsights_sitenote_category":0,"footnotes":""},"categories":[3],"tags":[1305,2579,47],"class_list":["post-6315","post","type-post","status-publish","format-standard","has-post-thumbnail","hentry","category-actualidad","tag-brown","tag-feria","tag-precios"],"_links":{"self":[{"href":"https:\/\/www.visionweb.com.ar\/index.php?rest_route=\/wp\/v2\/posts\/6315","targetHints":{"allow":["GET"]}}],"collection":[{"href":"https:\/\/www.visionweb.com.ar\/index.php?rest_route=\/wp\/v2\/posts"}],"about":[{"href":"https:\/\/www.visionweb.com.ar\/index.php?rest_route=\/wp\/v2\/types\/post"}],"author":[{"embeddable":true,"href":"https:\/\/www.visionweb.com.ar\/index.php?rest_route=\/wp\/v2\/users\/3"}],"replies":[{"embeddable":true,"href":"https:\/\/www.visionweb.com.ar\/index.php?rest_route=%2Fwp%2Fv2%2Fcomments&post=6315"}],"version-history":[{"count":1,"href":"https:\/\/www.visionweb.com.ar\/index.php?rest_route=\/wp\/v2\/posts\/6315\/revisions"}],"predecessor-version":[{"id":6317,"href":"https:\/\/www.visionweb.com.ar\/index.php?rest_route=\/wp\/v2\/posts\/6315\/revisions\/6317"}],"wp:featuredmedia":[{"embeddable":true,"href":"https:\/\/www.visionweb.com.ar\/index.php?rest_route=\/wp\/v2\/media\/6316"}],"wp:attachment":[{"href":"https:\/\/www.visionweb.com.ar\/index.php?rest_route=%2Fwp%2Fv2%2Fmedia&parent=6315"}],"wp:term":[{"taxonomy":"category","embeddable":true,"href":"https:\/\/www.visionweb.com.ar\/index.php?rest_route=%2Fwp%2Fv2%2Fcategories&post=6315"},{"taxonomy":"post_tag","embeddable":true,"href":"https:\/\/www.visionweb.com.ar\/index.php?rest_route=%2Fwp%2Fv2%2Ftags&post=6315"}],"curies":[{"name":"wp","href":"https:\/\/api.w.org\/{rel}","templated":true}]}}