{"id":6313,"date":"2022-07-05T09:09:59","date_gmt":"2022-07-05T12:09:59","guid":{"rendered":"https:\/\/www.visionweb.com.ar\/?p=6313"},"modified":"2022-07-05T09:09:59","modified_gmt":"2022-07-05T12:09:59","slug":"afip-extiende-los-plazos-para-la-recategorizacion-y-el-pago-del-monotributo-de-julio","status":"publish","type":"post","link":"https:\/\/www.visionweb.com.ar\/?p=6313","title":{"rendered":"AFIP extiende los plazos para la recategorizaci\u00f3n y el pago del monotributo de julio"},"content":{"rendered":"<p><em><strong>El Gobierno promulg\u00f3 la ley de Alivio Fiscal y la AFIP instrument\u00f3 los cambios para garantizar que 4,5 millones de monotributistas de todo el pa\u00eds accedan a los beneficios. De esta forma la recategorizaci\u00f3n semestral se habilitar\u00e1 del 11 al 29 de julio.<\/strong><\/em><!--more--><\/p>\n<p><strong>\u00a0 \u00a0 \u00a0 <img loading=\"lazy\" decoding=\"async\" class=\"size-medium wp-image-1872 alignleft\" src=\"https:\/\/www.visionweb.com.ar\/wp-content\/uploads\/2021\/06\/AFIP-300x196.png\" alt=\"\" width=\"300\" height=\"196\" srcset=\"https:\/\/www.visionweb.com.ar\/wp-content\/uploads\/2021\/06\/AFIP-300x196.png 300w, https:\/\/www.visionweb.com.ar\/wp-content\/uploads\/2021\/06\/AFIP.png 640w\" sizes=\"auto, (max-width: 300px) 100vw, 300px\" \/> C<\/strong>on el objetivo de asegurar el acceso a los beneficios previstos por la ley de Alivio Fiscal la AFIP defini\u00f3 que la recategorizaci\u00f3n semestral se habilitar\u00e1 del 11 al 29 de julio y el vencimiento del pago de la obligaci\u00f3n mensual se extender\u00e1 al 27 de julio<\/p>\n<p>Como parte de\u00a0los beneficios de la ley de Alivio Fiscal para Peque\u00f1os Contribuyentes y Aut\u00f3nomos se ampliar\u00e1n los l\u00edmites de facturaci\u00f3n m\u00e1xima por categor\u00eda del monotributo con una orientaci\u00f3n progresiva que privilegia a las personas registradas en las categor\u00edas m\u00e1s bajas al permitirles poder facturar hasta un 60% m\u00e1s.<\/p>\n<h3 style=\"text-align: center;\"><span style=\"color: #0000ff;\"><em><strong>La recategorizaci\u00f3n semestral se extender\u00e1 hasta el 29 de julio<\/strong><\/em><\/span><\/h3>\n<p>Adem\u00e1s qued\u00e1n exentos del componente impositivo las personas registradas en las categor\u00edas A y B que no perciban otro ingreso (por ejemplo, no tener un trabajo en relaci\u00f3n de dependencia ni cobran una jubilaci\u00f3n).<\/p>\n<p>Tambi\u00e9n se aumentar\u00e1n de las deducciones de los trabajadores aut\u00f3nomos que pagan el impuesto a las ganancias. La ley increment\u00f3 de 2 a 2,5 veces la deducci\u00f3n especial y, de esta forma, permite reducir la carga tributaria y mejorar el poder adquisitivo.<\/p>\n<p>La normativa de la AFIP define las nuevas fechas con los plazos correspondientes, tanto para la recategorizaci\u00f3n, que impactar\u00e1 en agosto, como para el pago de la obligaci\u00f3n mensual de julio<strong>(VW)<\/strong>.<\/p>\n","protected":false},"excerpt":{"rendered":"<p>El Gobierno promulg\u00f3 la ley de Alivio Fiscal y la AFIP instrument\u00f3 los cambios para garantizar que 4,5 millones de monotributistas de todo el pa\u00eds accedan a los beneficios. De esta forma la recategorizaci\u00f3n&#46;&#46;&#46;<\/p>\n","protected":false},"author":3,"featured_media":1872,"comment_status":"closed","ping_status":"closed","sticky":false,"template":"","format":"standard","meta":{"_monsterinsights_skip_tracking":false,"_monsterinsights_sitenote_active":false,"_monsterinsights_sitenote_note":"","_monsterinsights_sitenote_category":0,"footnotes":""},"categories":[3,8],"tags":[881,739,905],"class_list":["post-6313","post","type-post","status-publish","format-standard","has-post-thumbnail","hentry","category-actualidad","category-interes-general","tag-afip","tag-monotributo","tag-recategorizacion"],"_links":{"self":[{"href":"https:\/\/www.visionweb.com.ar\/index.php?rest_route=\/wp\/v2\/posts\/6313","targetHints":{"allow":["GET"]}}],"collection":[{"href":"https:\/\/www.visionweb.com.ar\/index.php?rest_route=\/wp\/v2\/posts"}],"about":[{"href":"https:\/\/www.visionweb.com.ar\/index.php?rest_route=\/wp\/v2\/types\/post"}],"author":[{"embeddable":true,"href":"https:\/\/www.visionweb.com.ar\/index.php?rest_route=\/wp\/v2\/users\/3"}],"replies":[{"embeddable":true,"href":"https:\/\/www.visionweb.com.ar\/index.php?rest_route=%2Fwp%2Fv2%2Fcomments&post=6313"}],"version-history":[{"count":1,"href":"https:\/\/www.visionweb.com.ar\/index.php?rest_route=\/wp\/v2\/posts\/6313\/revisions"}],"predecessor-version":[{"id":6314,"href":"https:\/\/www.visionweb.com.ar\/index.php?rest_route=\/wp\/v2\/posts\/6313\/revisions\/6314"}],"wp:featuredmedia":[{"embeddable":true,"href":"https:\/\/www.visionweb.com.ar\/index.php?rest_route=\/wp\/v2\/media\/1872"}],"wp:attachment":[{"href":"https:\/\/www.visionweb.com.ar\/index.php?rest_route=%2Fwp%2Fv2%2Fmedia&parent=6313"}],"wp:term":[{"taxonomy":"category","embeddable":true,"href":"https:\/\/www.visionweb.com.ar\/index.php?rest_route=%2Fwp%2Fv2%2Fcategories&post=6313"},{"taxonomy":"post_tag","embeddable":true,"href":"https:\/\/www.visionweb.com.ar\/index.php?rest_route=%2Fwp%2Fv2%2Ftags&post=6313"}],"curies":[{"name":"wp","href":"https:\/\/api.w.org\/{rel}","templated":true}]}}