{"id":6310,"date":"2022-07-05T09:00:01","date_gmt":"2022-07-05T12:00:01","guid":{"rendered":"https:\/\/www.visionweb.com.ar\/?p=6310"},"modified":"2022-07-05T09:00:01","modified_gmt":"2022-07-05T12:00:01","slug":"lanzan-un-programa-cultural-destinado-a-sindicatos-de-la-provincia-de-buenos-aires","status":"publish","type":"post","link":"https:\/\/www.visionweb.com.ar\/?p=6310","title":{"rendered":"Lanzan un programa cultural destinado a sindicatos de la provincia de Buenos Aires"},"content":{"rendered":"<p><em><strong>La iniciativa se denomina \u00abPromoci\u00f3n y Fortalecimiento de la Cultura en el mundo del Trabajo\u00bb.Es una inciativa del gobierno bonaerense<\/strong><\/em><!--more--><\/p>\n<div id=\"attachment_6311\" style=\"width: 310px\" class=\"wp-caption alignleft\"><img loading=\"lazy\" decoding=\"async\" aria-describedby=\"caption-attachment-6311\" class=\"wp-image-6311 size-medium\" src=\"https:\/\/www.visionweb.com.ar\/wp-content\/uploads\/2022\/07\/MOVIMIENTO-CULTURAL-DE-LOS-GREMIOS-300x168.png\" alt=\"\" width=\"300\" height=\"168\" srcset=\"https:\/\/www.visionweb.com.ar\/wp-content\/uploads\/2022\/07\/MOVIMIENTO-CULTURAL-DE-LOS-GREMIOS-300x168.png 300w, https:\/\/www.visionweb.com.ar\/wp-content\/uploads\/2022\/07\/MOVIMIENTO-CULTURAL-DE-LOS-GREMIOS.png 692w\" sizes=\"auto, (max-width: 300px) 100vw, 300px\" \/><p id=\"caption-attachment-6311\" class=\"wp-caption-text\"><em><strong>El programa propone \u201cgarantizar la planificaci\u00f3n, gesti\u00f3n y evaluaci\u00f3n de propuestas culturales en el \u00e1mbito del trabajo (Foto: Agencia DIB)<\/strong><\/em><\/p><\/div>\n<p><strong>\u00a0 \u00a0 \u00a0 \u00a0 \u00a0 \u00a0 E<\/strong>l Gobierno bonaerense puso en marcha este martes un programa denominado \u201cPromoci\u00f3n y Fortalecimiento de la Cultura en el mundo del Trabajo\u201d, que se extender\u00e1 hasta fin de a\u00f1o y buscar\u00e1 promover ese tipo de acciones en el marco de sindicatos.<\/p>\n<p>As\u00ed lo hizo mediante la Resoluci\u00f3n 839 publicada en el Bolet\u00edn Oficial del distrito, donde se explic\u00f3 que el programa propone \u201cgarantizar la planificaci\u00f3n, gesti\u00f3n y evaluaci\u00f3n de propuestas culturales en el \u00e1mbito del trabajo sindicalizado de la provincia de Buenos Aires\u201d.<\/p>\n<p>En este sentido, la norma se\u00f1ala como \u201cprincipal objetivo\u201d de la medida \u201cel dise\u00f1o y gesti\u00f3n de actividades, producci\u00f3n de contenidos y acceso a pol\u00edticas de car\u00e1cter cultural, desde y para las y los trabajadores del territorio bonaerense, organizados en sindicatos\u201d.<\/p>\n<p>Adem\u00e1s, indica que, as\u00ed, \u201cse busca acortar la brecha entre los que tienen acceso a la producci\u00f3n y ejecuci\u00f3n de escenarios culturales y los que no, poniendo el foco en la recuperaci\u00f3n de los sentidos colectivos de la cultura trabajadora sindical<strong>(VW)<\/strong><\/p>\n","protected":false},"excerpt":{"rendered":"<p>La iniciativa se denomina \u00abPromoci\u00f3n y Fortalecimiento de la Cultura en el mundo del Trabajo\u00bb.Es una inciativa del gobierno bonaerense<\/p>\n","protected":false},"author":3,"featured_media":6311,"comment_status":"closed","ping_status":"closed","sticky":false,"template":"","format":"standard","meta":{"_monsterinsights_skip_tracking":false,"_monsterinsights_sitenote_active":false,"_monsterinsights_sitenote_note":"","_monsterinsights_sitenote_category":0,"footnotes":""},"categories":[7],"tags":[511,139,2578,242],"class_list":["post-6310","post","type-post","status-publish","format-standard","has-post-thumbnail","hentry","category-educacion-y-cultura","tag-bonaerense","tag-cultura","tag-fortalecimiento","tag-trabajo"],"_links":{"self":[{"href":"https:\/\/www.visionweb.com.ar\/index.php?rest_route=\/wp\/v2\/posts\/6310","targetHints":{"allow":["GET"]}}],"collection":[{"href":"https:\/\/www.visionweb.com.ar\/index.php?rest_route=\/wp\/v2\/posts"}],"about":[{"href":"https:\/\/www.visionweb.com.ar\/index.php?rest_route=\/wp\/v2\/types\/post"}],"author":[{"embeddable":true,"href":"https:\/\/www.visionweb.com.ar\/index.php?rest_route=\/wp\/v2\/users\/3"}],"replies":[{"embeddable":true,"href":"https:\/\/www.visionweb.com.ar\/index.php?rest_route=%2Fwp%2Fv2%2Fcomments&post=6310"}],"version-history":[{"count":1,"href":"https:\/\/www.visionweb.com.ar\/index.php?rest_route=\/wp\/v2\/posts\/6310\/revisions"}],"predecessor-version":[{"id":6312,"href":"https:\/\/www.visionweb.com.ar\/index.php?rest_route=\/wp\/v2\/posts\/6310\/revisions\/6312"}],"wp:featuredmedia":[{"embeddable":true,"href":"https:\/\/www.visionweb.com.ar\/index.php?rest_route=\/wp\/v2\/media\/6311"}],"wp:attachment":[{"href":"https:\/\/www.visionweb.com.ar\/index.php?rest_route=%2Fwp%2Fv2%2Fmedia&parent=6310"}],"wp:term":[{"taxonomy":"category","embeddable":true,"href":"https:\/\/www.visionweb.com.ar\/index.php?rest_route=%2Fwp%2Fv2%2Fcategories&post=6310"},{"taxonomy":"post_tag","embeddable":true,"href":"https:\/\/www.visionweb.com.ar\/index.php?rest_route=%2Fwp%2Fv2%2Ftags&post=6310"}],"curies":[{"name":"wp","href":"https:\/\/api.w.org\/{rel}","templated":true}]}}