{"id":6306,"date":"2022-07-04T15:39:39","date_gmt":"2022-07-04T18:39:39","guid":{"rendered":"https:\/\/www.visionweb.com.ar\/?p=6306"},"modified":"2022-07-04T15:39:39","modified_gmt":"2022-07-04T18:39:39","slug":"came-pide-atacar-a-la-inflacion","status":"publish","type":"post","link":"https:\/\/www.visionweb.com.ar\/?p=6306","title":{"rendered":"Came pide atacar a la inflaci\u00f3n"},"content":{"rendered":"<p><em><strong>Para la dirigencia empresaria es necesario generar certidumbres para que el sector productivo pueda trabajar con tranquilidad y previsi\u00f3n.<\/strong><\/em>\u00a0 \u00a0 <!--more--><\/p>\n<div id=\"attachment_6307\" style=\"width: 310px\" class=\"wp-caption alignright\"><img loading=\"lazy\" decoding=\"async\" aria-describedby=\"caption-attachment-6307\" class=\"wp-image-6307 size-medium\" src=\"https:\/\/www.visionweb.com.ar\/wp-content\/uploads\/2022\/07\/ALFREDOP-GONZALES-CAME-300x198.png\" alt=\"\" width=\"300\" height=\"198\" srcset=\"https:\/\/www.visionweb.com.ar\/wp-content\/uploads\/2022\/07\/ALFREDOP-GONZALES-CAME-300x198.png 300w, https:\/\/www.visionweb.com.ar\/wp-content\/uploads\/2022\/07\/ALFREDOP-GONZALES-CAME-768x508.png 768w, https:\/\/www.visionweb.com.ar\/wp-content\/uploads\/2022\/07\/ALFREDOP-GONZALES-CAME.png 800w\" sizes=\"auto, (max-width: 300px) 100vw, 300px\" \/><p id=\"caption-attachment-6307\" class=\"wp-caption-text\"><em><strong>Alfredo Gonz\u00e1les, presidente de CAME (Foto: Prensa CAME) <\/strong><\/em><\/p><\/div>\n<p><strong>\u00a0 \u00a0 \u00a0 \u00a0 T<\/strong>ras la renuncia de Mart\u00edn Guzm\u00e1n al ministerio de Econom\u00eda y la designaci\u00f3n de Silvina Batakis, al frente de esa cartera despert\u00f3 reacciones de diversos sectores vinculados a la actividad privada, entre ellos Came.<\/p>\n<p>La Confederaci\u00f3n Argentina de la Mediana Empresa (CAME) inst\u00f3 este lunes a \u00abtrabajar sobre la inflaci\u00f3n y recrear la confianza\u00bb en el marco de la nueva etapa que atraviesa el pa\u00eds a partir de los cambios en el Gabinete de Ministros.<\/p>\n<p>\u00abConfiamos y esperamos que quienes tienen desde ahora la responsabilidad de incorporarse al equipo del Presidente, elaboren un plan antiinflacionario que recree las condiciones de confianza que la Argentina necesita\u00bb, plante\u00f3 el titular de CAME, Alfredo Gonz\u00e1lez, al cabo de una reuni\u00f3n que mantuvo con dirigentes en el interior.<\/p>\n<p>El presidente de CAME manifest\u00f3 que \u00abes imperioso generar certidumbre para que el sector productivo tenga se\u00f1ales claras y decida invertir. En ese sentido, la inflaci\u00f3n y la falta de confianza son dos aspectos claves que requieren soluciones r\u00e1pidas en el marco de esta nueva conformaci\u00f3n que anunci\u00f3 el Gobierno nacional\u00bb<strong>(VW)<\/strong><\/p>\n","protected":false},"excerpt":{"rendered":"<p>Para la dirigencia empresaria es necesario generar certidumbres para que el sector productivo pueda trabajar con tranquilidad y previsi\u00f3n.\u00a0 \u00a0<\/p>\n","protected":false},"author":3,"featured_media":6307,"comment_status":"closed","ping_status":"closed","sticky":false,"template":"","format":"standard","meta":{"_monsterinsights_skip_tracking":false,"_monsterinsights_sitenote_active":false,"_monsterinsights_sitenote_note":"","_monsterinsights_sitenote_category":0,"footnotes":""},"categories":[6],"tags":[309,2577,77],"class_list":["post-6306","post","type-post","status-publish","format-standard","has-post-thumbnail","hentry","category-economia","tag-came","tag-gonzalez","tag-inflacion"],"_links":{"self":[{"href":"https:\/\/www.visionweb.com.ar\/index.php?rest_route=\/wp\/v2\/posts\/6306","targetHints":{"allow":["GET"]}}],"collection":[{"href":"https:\/\/www.visionweb.com.ar\/index.php?rest_route=\/wp\/v2\/posts"}],"about":[{"href":"https:\/\/www.visionweb.com.ar\/index.php?rest_route=\/wp\/v2\/types\/post"}],"author":[{"embeddable":true,"href":"https:\/\/www.visionweb.com.ar\/index.php?rest_route=\/wp\/v2\/users\/3"}],"replies":[{"embeddable":true,"href":"https:\/\/www.visionweb.com.ar\/index.php?rest_route=%2Fwp%2Fv2%2Fcomments&post=6306"}],"version-history":[{"count":1,"href":"https:\/\/www.visionweb.com.ar\/index.php?rest_route=\/wp\/v2\/posts\/6306\/revisions"}],"predecessor-version":[{"id":6308,"href":"https:\/\/www.visionweb.com.ar\/index.php?rest_route=\/wp\/v2\/posts\/6306\/revisions\/6308"}],"wp:featuredmedia":[{"embeddable":true,"href":"https:\/\/www.visionweb.com.ar\/index.php?rest_route=\/wp\/v2\/media\/6307"}],"wp:attachment":[{"href":"https:\/\/www.visionweb.com.ar\/index.php?rest_route=%2Fwp%2Fv2%2Fmedia&parent=6306"}],"wp:term":[{"taxonomy":"category","embeddable":true,"href":"https:\/\/www.visionweb.com.ar\/index.php?rest_route=%2Fwp%2Fv2%2Fcategories&post=6306"},{"taxonomy":"post_tag","embeddable":true,"href":"https:\/\/www.visionweb.com.ar\/index.php?rest_route=%2Fwp%2Fv2%2Ftags&post=6306"}],"curies":[{"name":"wp","href":"https:\/\/api.w.org\/{rel}","templated":true}]}}