{"id":6287,"date":"2022-07-01T10:52:56","date_gmt":"2022-07-01T13:52:56","guid":{"rendered":"https:\/\/www.visionweb.com.ar\/?p=6287"},"modified":"2022-07-01T10:52:56","modified_gmt":"2022-07-01T13:52:56","slug":"senado-media-sancion-al-proyecto-de-moratoria-previsional","status":"publish","type":"post","link":"https:\/\/www.visionweb.com.ar\/?p=6287","title":{"rendered":"Senado: Media sanci\u00f3n al proyecto de moratoria previsional"},"content":{"rendered":"<p><em><strong>El proyecto sum\u00f3 38 votos afirmativos, seis negativos y 18 abstenciones y ser\u00e1 girada a la C\u00e1mara de Diputados. Se calcula que hay 500 mil personas con edad jubilatoria ya cumplida que podr\u00edan adherirse a la Unidad de Pago de Deuda Previsional.<\/strong><\/em><!--more--><\/p>\n<p><strong><img loading=\"lazy\" decoding=\"async\" class=\"size-full wp-image-6289 aligncenter\" src=\"https:\/\/www.visionweb.com.ar\/wp-content\/uploads\/2022\/07\/media-sancion-senado-moratoia-previs.bmp\" alt=\"\" width=\"649\" height=\"361\" \/>E<\/strong>l Senado dio media sanci\u00f3n ayer por la tarde al proyecto de moratoria previsional<strong>\u00a0<\/strong>para regularizar los aportes de personas que no llegan con la cantidad de a\u00f1os, pero se encuentran en edad jubilatoria. Esta nueva moratoria tendr\u00e1 vigencia por dos a\u00f1os, y ser\u00e1 prorrogable por otros dos.<\/p>\n<p>La iniciativa habilita a quienes est\u00e9n pr\u00f3ximos a cumplir los 60 (mujeres) o 65 a\u00f1os (hombres) podr\u00e1n pagar la deuda previsional en \u00abUnidades de Cancelaci\u00f3n de Aportes\u00bb, equivalentes a un mes de servicios.<\/p>\n<p>Para acceder al beneficio, los solicitantes deber\u00e1n acordar un\u00a0plan de pago\u00a0con la Anses. Desde ese momento, recibir\u00e1n una jubilaci\u00f3n con el descuento del plan de pago acordado.<\/p>\n<p>La otra opci\u00f3n que propone la moratoria es para aquellos que est\u00e9n a menos de 10 a\u00f1os de llegar a la edad jubilatoria, que podr\u00e1n empezar a cancelar sus deudas previsionales, para llegar a la edad de retiro sin pasivos pendientes.<\/p>\n<p>La iniciativa de Mariano Recalde y Anabel Fern\u00e1ndez Sagasti, pas\u00f3 entonces a la C\u00e1mara de Diputados para el pr\u00f3ximo jueves, donde el oficialismo deber\u00e1 reunir los consensos para aprobarla con urgencia antes del 23 de julio pr\u00f3ximo, ya que vence la moratoria que est\u00e1 vigente desde el 2014.<\/p>\n<p>El c\u00e1lculo es que hay 500 mil personas con edad jubilatoria ya cumplida que podr\u00edan adherirse a la Unidad de Pago de Deuda Previsional contemplada en la norma, mientras que otras 300 mil estar\u00edan en condiciones de incorporarse al r\u00e9gimen jubilatorio en 2023.<\/p>\n<p>C\u00f3mo fue la votaci\u00f3n:<\/p>\n<p>La propuesta cosech\u00f3 38 votos positivos del Frente de Todos y aliados, mientras que Juntos por el Cambio se dividi\u00f3 entre 6 votos negativos y 18 abstenciones.<\/p>\n<p>La senadora\u00a0Juliana Di Tullio, como miembro informante del oficialismo,<strong>\u00a0<\/strong>sostuvo que la iniciativa le dar\u00e1 \u00abla posibilidad a 800 mil personas de jubilarse pagando la deuda previsional que tengan a trav\u00e9s de un plan de pago y tambi\u00e9n le permitir\u00e1 a quienes est\u00e9n en actividad adelantar su deuda previsional\u00bb.<\/p>\n<p>Tras reconocer que no consult\u00f3 el proyecto con el ministro de Econom\u00eda,\u00a0Mart\u00edn Guzm\u00e1n, sino con \u00abel organismo competente, que es la Anses\u00bb, la legisladora indic\u00f3 queel costo fiscal es del 0,02% para 2022 y del 0,03% para 2023.\u00a0\u00abHonestamente, el costo fiscal no es una buena excusa para no votar este proyecto de ley\u00bb, agreg\u00f3.<\/p>\n<p>Mientras que el legislador chaque\u00f1o de Juntos por el Cambio,\u00a0V\u00edctor Zimmerman, cuestion\u00f3 que la iniciativa no haya pasado por la comisi\u00f3n de Presupuesto y Hacienda \u00abpara tener un costo presupuestario del impacto que puede tener\u00bb. \u00abAdem\u00e1s, quienes hoy no tengan aportes, no est\u00e1n descubiertos porque existe la PUAM\u00a0(Pensi\u00f3n Universal para el Adulto Mayor)\u00bb, se\u00f1al\u00f3.<\/p>\n<p>Por su parte, la senadora del PRO, Guadalupe Tagliaferri, reclam\u00f3 un \u00abdebate serio\u00bb sobre el sistema previsional argentino. \u00abEs por esto que en su momento ped\u00ed que se hiciera una plenaria con presupuesto, para darnos ese debate\u00bb, subray\u00f3.<\/p>\n<p>A su turno, el senador del Frente de Todos,\u00a0Maurice Closs, puntualiz\u00f3 que: \u00abSi miramos la sustentabilidad presupuestar\u00eda desde la \u00f3ptica de la previsi\u00f3n social, probablemente encontremos fisuras, pero si no resolvemos esto, nadie va a atender a las personas de la tercera edad. Esta soluci\u00f3n no es estructural, es sumamente coyuntural\u00bb.<\/p>\n<p>En ese orden, la senadora por C\u00f3rdoba,\u00a0Alejandra Vigo,\u00a0explic\u00f3 su voto positivo, aunque \u00abcon la suspicacia de pensar que estas son simplemente soluciones y parches para una enfermedad mucho m\u00e1s grave del sistema jubilatorio argentino\u00bb.<\/p>\n<p>Al momento del cierre, el jefe del bloque del Frente de Todos en la C\u00e1mara alta, Jos\u00e9 Mayans, critic\u00f3 la postura de la oposici\u00f3n: \u00abAbstenerse a votar este proyecto es lavarse las manos y no tener solidaridad\u00bb. \u00abHay personas que van a cumplir 65 a\u00f1os, la moratoria vence el 23 de julio y el proyecto tambi\u00e9n se tiene que tratar en Diputados, esto es una emergencia\u00bb, indic\u00f3. <strong>(VW)<\/strong><\/p>\n<p>&nbsp;<\/p>\n","protected":false},"excerpt":{"rendered":"<p>El proyecto sum\u00f3 38 votos afirmativos, seis negativos y 18 abstenciones y ser\u00e1 girada a la C\u00e1mara de Diputados. Se calcula que hay 500 mil personas con edad jubilatoria ya cumplida que podr\u00edan adherirse&#46;&#46;&#46;<\/p>\n","protected":false},"author":4,"featured_media":6289,"comment_status":"closed","ping_status":"closed","sticky":false,"template":"","format":"standard","meta":{"_monsterinsights_skip_tracking":false,"_monsterinsights_sitenote_active":false,"_monsterinsights_sitenote_note":"","_monsterinsights_sitenote_category":0,"footnotes":""},"categories":[4,5],"tags":[2572,2571,468],"class_list":["post-6287","post","type-post","status-publish","format-standard","has-post-thumbnail","hentry","category-politica","category-sociedad","tag-media-sancion","tag-moratoria-previsional","tag-senado"],"_links":{"self":[{"href":"https:\/\/www.visionweb.com.ar\/index.php?rest_route=\/wp\/v2\/posts\/6287","targetHints":{"allow":["GET"]}}],"collection":[{"href":"https:\/\/www.visionweb.com.ar\/index.php?rest_route=\/wp\/v2\/posts"}],"about":[{"href":"https:\/\/www.visionweb.com.ar\/index.php?rest_route=\/wp\/v2\/types\/post"}],"author":[{"embeddable":true,"href":"https:\/\/www.visionweb.com.ar\/index.php?rest_route=\/wp\/v2\/users\/4"}],"replies":[{"embeddable":true,"href":"https:\/\/www.visionweb.com.ar\/index.php?rest_route=%2Fwp%2Fv2%2Fcomments&post=6287"}],"version-history":[{"count":2,"href":"https:\/\/www.visionweb.com.ar\/index.php?rest_route=\/wp\/v2\/posts\/6287\/revisions"}],"predecessor-version":[{"id":6290,"href":"https:\/\/www.visionweb.com.ar\/index.php?rest_route=\/wp\/v2\/posts\/6287\/revisions\/6290"}],"wp:featuredmedia":[{"embeddable":true,"href":"https:\/\/www.visionweb.com.ar\/index.php?rest_route=\/wp\/v2\/media\/6289"}],"wp:attachment":[{"href":"https:\/\/www.visionweb.com.ar\/index.php?rest_route=%2Fwp%2Fv2%2Fmedia&parent=6287"}],"wp:term":[{"taxonomy":"category","embeddable":true,"href":"https:\/\/www.visionweb.com.ar\/index.php?rest_route=%2Fwp%2Fv2%2Fcategories&post=6287"},{"taxonomy":"post_tag","embeddable":true,"href":"https:\/\/www.visionweb.com.ar\/index.php?rest_route=%2Fwp%2Fv2%2Ftags&post=6287"}],"curies":[{"name":"wp","href":"https:\/\/api.w.org\/{rel}","templated":true}]}}