{"id":6277,"date":"2022-06-30T13:43:05","date_gmt":"2022-06-30T16:43:05","guid":{"rendered":"https:\/\/www.visionweb.com.ar\/?p=6277"},"modified":"2022-06-30T13:43:05","modified_gmt":"2022-06-30T16:43:05","slug":"lanus-se-viene-la-nueva-escuela-municipal-de-gastronomia","status":"publish","type":"post","link":"https:\/\/www.visionweb.com.ar\/?p=6277","title":{"rendered":"Lan\u00fas: Se viene la nueva Escuela Municipal de Gastronom\u00eda"},"content":{"rendered":"<p><em><strong>En coordinaci\u00f3n con representantes del Distrito Lanusita, en julio arrancan cursos de especialidades en el rubro gastron\u00f3mico, con pr\u00e1cticas en restaurantes de la zona.<\/strong><\/em><!--more--><\/p>\n<div id=\"attachment_6279\" style=\"width: 310px\" class=\"wp-caption alignright\"><img loading=\"lazy\" decoding=\"async\" aria-describedby=\"caption-attachment-6279\" class=\"wp-image-6279 size-medium\" src=\"https:\/\/www.visionweb.com.ar\/wp-content\/uploads\/2022\/06\/distrito-lanusita-reunion-300x226.jpg\" alt=\"\" width=\"300\" height=\"226\" srcset=\"https:\/\/www.visionweb.com.ar\/wp-content\/uploads\/2022\/06\/distrito-lanusita-reunion-300x226.jpg 300w, https:\/\/www.visionweb.com.ar\/wp-content\/uploads\/2022\/06\/distrito-lanusita-reunion-320x240.jpg 320w, https:\/\/www.visionweb.com.ar\/wp-content\/uploads\/2022\/06\/distrito-lanusita-reunion.jpg 594w\" sizes=\"auto, (max-width: 300px) 100vw, 300px\" \/><p id=\"caption-attachment-6279\" class=\"wp-caption-text\">Reuni\u00f3n con representantes gastron\u00f3micos. (Foto: Prensa de Lan\u00fas)<\/p><\/div>\n<p><strong>\u00a0<\/strong><strong>\u00a0\u00a0\u00a0\u00a0\u00a0\u00a0\u00a0 \u00a0\u00a0\u00a0\u00a0\u00a0\u00a0\u00a0 E<\/strong>l intendente\u00a0de Lan\u00fas N\u00e9stor Grindetti a trav\u00e9s de la oficina de empleo local pondr\u00e1 en marcha una serie de cursos y talleres con salida laboral, en conjunto con los empresarios del Distrito Lanusita.<\/p>\n<p>En julio comenzar\u00e1n\u00a0los primeros cuatro cursos te\u00f3rico\/pr\u00e1cticos de ayudante de cocina, barista, bartenders y camarero.<\/p>\n<p>Habr\u00e1 100 vacantes repartidas en los respectivos talleres, mientras que la parte te\u00f3rica\u00a0se dictar\u00e1 en las aulas del ICAM, y las clases pr\u00e1cticas\u00a0tendr\u00e1n\u00a0lugar en 8 restaurantes del Distrito Lanusita, conforme indic\u00f3 Prensa de la Comuna.<\/p>\n<div id=\"attachment_6280\" style=\"width: 310px\" class=\"wp-caption alignleft\"><img loading=\"lazy\" decoding=\"async\" aria-describedby=\"caption-attachment-6280\" class=\"wp-image-6280 size-medium\" src=\"https:\/\/www.visionweb.com.ar\/wp-content\/uploads\/2022\/06\/distrio-lanusita-bares-300x181.jpg\" alt=\"\" width=\"300\" height=\"181\" srcset=\"https:\/\/www.visionweb.com.ar\/wp-content\/uploads\/2022\/06\/distrio-lanusita-bares-300x181.jpg 300w, https:\/\/www.visionweb.com.ar\/wp-content\/uploads\/2022\/06\/distrio-lanusita-bares.jpg 642w\" sizes=\"auto, (max-width: 300px) 100vw, 300px\" \/><p id=\"caption-attachment-6280\" class=\"wp-caption-text\">El Distrito Lanusita re\u00fane diversos restaurantes y bares que ofrecen diversidad de opciones. (Foto: Archivo VW)<\/p><\/div>\n<p>En ese sentido, Grindetti expres\u00f3: \u00abHemos detectado\u00a0que el 20% de las b\u00fasquedas laborales quedan vacantes, se trata fundamentalmente de oficios, matriceros, torneros , carniceros o gastron\u00f3micos, por eso estamos acercando el sector p\u00fablico y privado para dise\u00f1ar\u00a0cursos y talleres en estos oficios espec\u00edficos\u00a0con salida laboral asegurada\u00bb.<\/p>\n<p>A la vez que a\u00f1adi\u00f3: \u00bb Lo mismo hicimos con la rob\u00f3tica industrial, este a\u00f1o ser\u00e1n 90 los nuevos programadores de robots, estamos en esta tarea de buscar de manera creativa como desde el Estado municipal podemos ayudar, aunque sea poco y casi de microcirug\u00eda, a mejorar las condiciones laborales de nuestros vecinos\u00bb.<\/p>\n<p>Participaron del encuentro, los empresarios\u00a0gastron\u00f3micos del Distrito\u00a0Lanusita, Nancy Gentilezza, Macelo Gonz\u00e1lez y Nicol\u00e1s Munin, el secretario de Educaci\u00f3n, Deportes y Empleo, Dami\u00e1n Sala y el titular del \u00e1rea de Empleo municipal, Ricardo Rodr\u00edguez. <strong>(VW)<\/strong><\/p>\n<p>&nbsp;<\/p>\n<p>&nbsp;<\/p>\n","protected":false},"excerpt":{"rendered":"<p>En coordinaci\u00f3n con representantes del Distrito Lanusita, en julio arrancan cursos de especialidades en el rubro gastron\u00f3mico, con pr\u00e1cticas en restaurantes de la zona.<\/p>\n","protected":false},"author":4,"featured_media":6280,"comment_status":"closed","ping_status":"closed","sticky":false,"template":"","format":"standard","meta":{"_monsterinsights_skip_tracking":false,"_monsterinsights_sitenote_active":false,"_monsterinsights_sitenote_note":"","_monsterinsights_sitenote_category":0,"footnotes":""},"categories":[8],"tags":[1777,1333,2567,1246,18],"class_list":["post-6277","post","type-post","status-publish","format-standard","has-post-thumbnail","hentry","category-interes-general","tag-cursos","tag-distrito-lanusita","tag-escuela-municipal-de-gastrnomia","tag-gentilezza","tag-grindetti"],"_links":{"self":[{"href":"https:\/\/www.visionweb.com.ar\/index.php?rest_route=\/wp\/v2\/posts\/6277","targetHints":{"allow":["GET"]}}],"collection":[{"href":"https:\/\/www.visionweb.com.ar\/index.php?rest_route=\/wp\/v2\/posts"}],"about":[{"href":"https:\/\/www.visionweb.com.ar\/index.php?rest_route=\/wp\/v2\/types\/post"}],"author":[{"embeddable":true,"href":"https:\/\/www.visionweb.com.ar\/index.php?rest_route=\/wp\/v2\/users\/4"}],"replies":[{"embeddable":true,"href":"https:\/\/www.visionweb.com.ar\/index.php?rest_route=%2Fwp%2Fv2%2Fcomments&post=6277"}],"version-history":[{"count":2,"href":"https:\/\/www.visionweb.com.ar\/index.php?rest_route=\/wp\/v2\/posts\/6277\/revisions"}],"predecessor-version":[{"id":6281,"href":"https:\/\/www.visionweb.com.ar\/index.php?rest_route=\/wp\/v2\/posts\/6277\/revisions\/6281"}],"wp:featuredmedia":[{"embeddable":true,"href":"https:\/\/www.visionweb.com.ar\/index.php?rest_route=\/wp\/v2\/media\/6280"}],"wp:attachment":[{"href":"https:\/\/www.visionweb.com.ar\/index.php?rest_route=%2Fwp%2Fv2%2Fmedia&parent=6277"}],"wp:term":[{"taxonomy":"category","embeddable":true,"href":"https:\/\/www.visionweb.com.ar\/index.php?rest_route=%2Fwp%2Fv2%2Fcategories&post=6277"},{"taxonomy":"post_tag","embeddable":true,"href":"https:\/\/www.visionweb.com.ar\/index.php?rest_route=%2Fwp%2Fv2%2Ftags&post=6277"}],"curies":[{"name":"wp","href":"https:\/\/api.w.org\/{rel}","templated":true}]}}