{"id":6270,"date":"2022-06-30T09:28:29","date_gmt":"2022-06-30T12:28:29","guid":{"rendered":"https:\/\/www.visionweb.com.ar\/?p=6270"},"modified":"2022-06-30T09:29:27","modified_gmt":"2022-06-30T12:29:27","slug":"berni-lanzo-la-reeleccion-de-kicillof","status":"publish","type":"post","link":"https:\/\/www.visionweb.com.ar\/?p=6270","title":{"rendered":"Berni lanz\u00f3 la reelecci\u00f3n de Kicillof"},"content":{"rendered":"<p><strong><em>Para el ministro de Seguridad bonaerense dijo que<\/em> \u00a0Santilli y Ritondo \u201cno tienen chances\u201d. A m\u00e1s de un a\u00f1o de las PASO ya est\u00e1 en campa\u00f1a. Mientras la inseguridad crece.<\/strong>\u00a0\u00a0<!--more--><\/p>\n<div id=\"attachment_1092\" style=\"width: 535px\" class=\"wp-caption alignright\"><img loading=\"lazy\" decoding=\"async\" aria-describedby=\"caption-attachment-1092\" class=\"wp-image-1092 size-full\" src=\"https:\/\/www.visionweb.com.ar\/wp-content\/uploads\/2021\/03\/berni-decreto.bmp\" alt=\"\" width=\"525\" height=\"296\" \/><p id=\"caption-attachment-1092\" class=\"wp-caption-text\"><em><strong>Sergio Berni, ministro de Seguridad de la provincia de Buenos Aires (Archivo VW)<\/strong><\/em><\/p><\/div>\n<p><strong>E<\/strong>n medio de la carrera electoral hacia 2023, el ministro de Seguridad de la provincia de Buenos Aires, Sergio Berni, confirm\u00f3 que Axel Kicillof buscar\u00e1 la reelecci\u00f3n.<\/p>\n<p>En ese sentido le rest\u00f3 posibilidades a los aspirantes de la oposici\u00f3n como Cristian Ritondo y Diego Santilli.<\/p>\n<p>\u201cLa provincia de Buenos Aires tiene un gobernador muy bueno, que tiene aspiraciones de reelegir. Me parece que es un gran gobernador y va a tener el apoyo de los bonaerenses para ser reelegido\u201d, afirm\u00f3 Berni. De esta manera, el ministro se sum\u00f3 a las declaraciones del jefe de asesores, Carlos Bianco, quien lanz\u00f3 d\u00edas atr\u00e1s la reelecci\u00f3n del gobernador al asegurar que Kicillof \u201ctiene que ser s\u00ed o s\u00ed candidato, si no tendr\u00edamos un pato rengo\u201d.<\/p>\n<p>En este contexto, Berni consider\u00f3 que Santilli y Ritondo, dos representantes de Juntos por el Cambio que buscar\u00edan ir por la Gobernaci\u00f3n, \u201cno tienen chances\u201d contra el actual mandatario y tambi\u00e9n habl\u00f3 de Mar\u00eda Eugenia Vidal.<\/p>\n<p>\u201cFue la \u00fanica gobernadora que quiso reelegir y no pudo, la sacaron a patadas y perdi\u00f3 por 20 puntos\u201d, asegur\u00f3 sobre ella en declaraciones al canal Am\u00e9rica, y sigui\u00f3 en cuanto a los dirigentes de la oposici\u00f3n: \u201cNo se remonta tan f\u00e1cil. Nunca se vio un gobierno que pierda por semejante paliza. La gente no les cree porque ya estuvieron y no resolvieron nada\u201d, consign\u00f3 la agencia DIB.<\/p>\n<h3 style=\"text-align: center;\"><span style=\"color: #0000ff;\"><em><strong>Berni: \u00abLa agrupaci\u00f3n conducida por M\u00e1ximo Kirchner perdi\u00f3 el rumbo\u201d\u00a0<\/strong><\/em><\/span><\/h3>\n<p>En cuanto a los comicios del a\u00f1o pr\u00f3ximo, dijo adem\u00e1s que la vicepresidenta Cristina Fern\u00e1ndez de Kirchner es \u201cimbatible\u201d en la Provincia para las elecciones presidenciales. Y pese a que asever\u00f3 que le tiene \u201cafecto\u201d a la antes mandataria por el tiempo que gestionaron juntos, aclar\u00f3 una vez m\u00e1s: \u201cMi relaci\u00f3n pol\u00edtica con Cristina Fern\u00e1ndez de Kirchner es cero\u201d.<\/p>\n<p>\u201cTengo mucho afecto por Cristina, pero no soy como otros que un minuto antes de irse dec\u00edan que era la mejor del mundo y despu\u00e9s pas\u00f3 a ser la peor\u2026\u00a0no soy Alberto Fern\u00e1ndez que la re pute\u00f3 durante seis a\u00f1os y despu\u00e9s \u2018fue la mejor\u2019 porque lo eligi\u00f3 como presidente\u201d, expres\u00f3, envi\u00e1ndole otro misil al Jefe de Estado.<\/p>\n<p>Sus diferencias con La C\u00e1mpora quedaron expuestas una vez m\u00e1s, porque pese a que dijo que conoce a sus integrantes desde \u201cmuy chiquitos\u201d y que los vio nacer pol\u00edticamente, afirm\u00f3 que la agrupaci\u00f3n conducida por M\u00e1ximo Kirchner \u201cperdi\u00f3 el rumbo\u201d y la compar\u00f3 con un hurac\u00e1n.<\/p>\n<p>La disputa se remonta a octubre del 2021, previo a las elecciones, cuando Berni mantuvo un duro cruce con el diputado M\u00e1ximo Kirchner. El ministro bonaerense lo acus\u00f3 de \u201cbajarle las listas\u201d y no querer competir.<\/p>\n<p>Ahora Berni dijo que podr\u00eda calzar en cualquier espacio \u201cmenos en La C\u00e1mpora\u201d porque \u201cindividualmente son grandes personas pero en conjunto atentan contra los propios\u201d.<\/p>\n<p>\u201cLa C\u00e1mpora prefiri\u00f3 construir con aquellos que durante a\u00f1os los humillaron, en vez de acompa\u00f1ar y ser acompa\u00f1ados por aquellos que pensamos igual. No me llevo mal personalmente con ninguno, el problema es que construyeron destruyendo a la propia tropa kirchnerista y peronista\u201d, remat\u00f3 <strong>(VW)<\/strong>.<\/p>\n","protected":false},"excerpt":{"rendered":"<p>Para el ministro de Seguridad bonaerense dijo que \u00a0Santilli y Ritondo \u201cno tienen chances\u201d. A m\u00e1s de un a\u00f1o de las PASO ya est\u00e1 en campa\u00f1a. Mientras la inseguridad crece.\u00a0\u00a0<\/p>\n","protected":false},"author":3,"featured_media":1092,"comment_status":"closed","ping_status":"closed","sticky":false,"template":"","format":"standard","meta":{"_monsterinsights_skip_tracking":false,"_monsterinsights_sitenote_active":false,"_monsterinsights_sitenote_note":"","_monsterinsights_sitenote_category":0,"footnotes":""},"categories":[4],"tags":[167,2563,1591],"class_list":["post-6270","post","type-post","status-publish","format-standard","has-post-thumbnail","hentry","category-politica","tag-kicillof","tag-maximo-kichner","tag-reeleccion"],"_links":{"self":[{"href":"https:\/\/www.visionweb.com.ar\/index.php?rest_route=\/wp\/v2\/posts\/6270","targetHints":{"allow":["GET"]}}],"collection":[{"href":"https:\/\/www.visionweb.com.ar\/index.php?rest_route=\/wp\/v2\/posts"}],"about":[{"href":"https:\/\/www.visionweb.com.ar\/index.php?rest_route=\/wp\/v2\/types\/post"}],"author":[{"embeddable":true,"href":"https:\/\/www.visionweb.com.ar\/index.php?rest_route=\/wp\/v2\/users\/3"}],"replies":[{"embeddable":true,"href":"https:\/\/www.visionweb.com.ar\/index.php?rest_route=%2Fwp%2Fv2%2Fcomments&post=6270"}],"version-history":[{"count":2,"href":"https:\/\/www.visionweb.com.ar\/index.php?rest_route=\/wp\/v2\/posts\/6270\/revisions"}],"predecessor-version":[{"id":6272,"href":"https:\/\/www.visionweb.com.ar\/index.php?rest_route=\/wp\/v2\/posts\/6270\/revisions\/6272"}],"wp:featuredmedia":[{"embeddable":true,"href":"https:\/\/www.visionweb.com.ar\/index.php?rest_route=\/wp\/v2\/media\/1092"}],"wp:attachment":[{"href":"https:\/\/www.visionweb.com.ar\/index.php?rest_route=%2Fwp%2Fv2%2Fmedia&parent=6270"}],"wp:term":[{"taxonomy":"category","embeddable":true,"href":"https:\/\/www.visionweb.com.ar\/index.php?rest_route=%2Fwp%2Fv2%2Fcategories&post=6270"},{"taxonomy":"post_tag","embeddable":true,"href":"https:\/\/www.visionweb.com.ar\/index.php?rest_route=%2Fwp%2Fv2%2Ftags&post=6270"}],"curies":[{"name":"wp","href":"https:\/\/api.w.org\/{rel}","templated":true}]}}