{"id":6266,"date":"2022-06-30T09:08:15","date_gmt":"2022-06-30T12:08:15","guid":{"rendered":"https:\/\/www.visionweb.com.ar\/?p=6266"},"modified":"2022-06-30T09:11:28","modified_gmt":"2022-06-30T12:11:28","slug":"ultiman-detalles-para-el-arranque-de-la-multiferia-caminos-y-sabores","status":"publish","type":"post","link":"https:\/\/www.visionweb.com.ar\/?p=6266","title":{"rendered":"Ultiman detalles para el arranque de la multiferia Caminos y Sabores"},"content":{"rendered":"<p><em><strong>El Gran Mercado Argentino abrir\u00e1 sus puertas desde el 7 al 10 de julio en el Predio de La Rural de Palermo. La propuesta que ofrecer\u00e1n desde la provincia de Buenos Aires es diversa.<\/strong><\/em><!--more--><\/p>\n<p><strong>\u00a0 \u00a0 <img loading=\"lazy\" decoding=\"async\" class=\"size-medium wp-image-6267 alignleft\" src=\"https:\/\/www.visionweb.com.ar\/wp-content\/uploads\/2022\/06\/Caminos-y-sabores-300x145.png\" alt=\"\" width=\"300\" height=\"145\" srcset=\"https:\/\/www.visionweb.com.ar\/wp-content\/uploads\/2022\/06\/Caminos-y-sabores-300x145.png 300w, https:\/\/www.visionweb.com.ar\/wp-content\/uploads\/2022\/06\/Caminos-y-sabores-768x372.png 768w, https:\/\/www.visionweb.com.ar\/wp-content\/uploads\/2022\/06\/Caminos-y-sabores.png 800w\" sizes=\"auto, (max-width: 300px) 100vw, 300px\" \/>\u00a0 C<\/strong>omienza a palpitarse la feria gastron\u00f3mica m\u00e1s importante del pa\u00eds. Caminos y Sabores se llevar\u00e1 a cabo despu\u00e9s de tres a\u00f1os, del 7 al 10 de julio de 2022 en el predio de la Rural. Se trata del encuentro gastron\u00f3mico m\u00e1s esperado por los productores de alimentos, cocineros, emprendedores y artesanos, y los apasionados de la cultura argentina.<\/p>\n<p>Caminos y Sabores es una feria en la que confluyen una inimaginable variedad de alimentos, bebidas, artesan\u00edas y destinos tur\u00edsticos empujados por la pasi\u00f3n de sus emprendedores. En este sentido, la provincia de Buenos Aires acompa\u00f1a el evento con todo su potencial y oferta gastron\u00f3mica.<\/p>\n<p>El Gran Mercado Argentino es acompa\u00f1ado por el Ministerio de Producci\u00f3n, Ciencia e Innovaci\u00f3n Tecnol\u00f3gica, a trav\u00e9s de la Subsecretar\u00eda de Turismo de la Provincia de Buenos Aires que, en calidad de Sponsor, dice presente.<\/p>\n<p>Al respecto, el Ministro Augusto Costa, se\u00f1al\u00f3:\u00a0\u201cNuestra Provincia ofrece de todo, en toda su extensi\u00f3n. Nos encontramos con destinos de mar y playa, pasando por sierras y lagunas, campos, delta y ciudades. Esa variedad tambi\u00e9n se manifiesta en la oferta gastron\u00f3mica para todos los gustos y edades. Chacinados, quesos, vinos, dulces de todo tipo, licores, hongos, panificados, gin, cervezas artesanales. La producci\u00f3n de cada regi\u00f3n es clave. Por eso queremos que todo el pa\u00eds y por qu\u00e9 no, el mundo, experimente los manjares de la provincia de Buenos Aires, y que sepa que hay rincones \u00fanicos que vale la pena conocer, recorrer y disfrutar de sus comidas t\u00edpicas y caseras\u201d.<\/p>\n<div id=\"attachment_6268\" style=\"width: 310px\" class=\"wp-caption alignright\"><img loading=\"lazy\" decoding=\"async\" aria-describedby=\"caption-attachment-6268\" class=\"wp-image-6268 size-medium\" src=\"https:\/\/www.visionweb.com.ar\/wp-content\/uploads\/2022\/06\/COSTA-300x198.png\" alt=\"\" width=\"300\" height=\"198\" srcset=\"https:\/\/www.visionweb.com.ar\/wp-content\/uploads\/2022\/06\/COSTA-300x198.png 300w, https:\/\/www.visionweb.com.ar\/wp-content\/uploads\/2022\/06\/COSTA.png 640w\" sizes=\"auto, (max-width: 300px) 100vw, 300px\" \/><p id=\"caption-attachment-6268\" class=\"wp-caption-text\"><strong><em>Augusto Costa, Ministro de Producci\u00f3n, Ciencia e Innovaci\u00f3n Tecnol\u00f3gica de la provincia de Buenos Aires<\/em><\/strong>.<\/p><\/div>\n<p>La propuesta que ofrecer\u00e1n desde la provincia de Buenos Aires es diversa. \u201cHabr\u00e1 stands con manjares serranos, costeros y rurales. Tambi\u00e9n un espacio de manjares Bonaerenses, en donde se podr\u00e1n degustar y adquirir productos de todo tipo y de distintos lugares: de los Pueblos Tur\u00edsticos, que son pueblos con menos de 2.000 habitantes con mucho para ofrecer; productos que se vinculan con las Fiestas Populares gastron\u00f3micas<\/p>\n<p>Adem\u00e1s se expondr\u00e1n productos\u00a0 que tienen \u00abel sello Producci\u00f3n Bonaerense, un especial sobre Vinos Bonaerenses, la producci\u00f3n vitivin\u00edcola de la PBA. Adem\u00e1s, participaremos con degustaciones y cocinas en vivo, en donde todos y todas podr\u00e1n aprender c\u00f3mo se realizan algunos platos t\u00edpicos. Tambi\u00e9n van a poder descargarse el recetario de Manjares Bonaerenses a partir de un c\u00f3digo QR Para tener en el celular el recetario de la PBA y vamos a ofrecer merchandising y la oferta tur\u00edstica con la App\u00bb, expuso el Ministro Costa.<\/p>\n<p>\u201cCon Turismo de Reuniones e Incentivos fomentamos la desestacionalizaci\u00f3n del turismo y ofrecemos conocer nuevos destinos para que los turistas vuelvan a vacacionar luego de haberlos conocido por trabajo. Desde\u00a0<b>ReCreo<\/b>\u00a0en la Provincia promocionamos los atractivos tur\u00edsticos de todos los distritos que conforman la PBA, difundimos la agendas, ofrecemos beneficios y con la aplicaci\u00f3n se puede acceder a toda la oferta tur\u00edstica para planificar los viajes por nuestros territorios imperdibles\u201d, asegur\u00f3 el Ministro y a\u00f1adi\u00f3:<\/p>\n<p>\u201cP<b>romovemos el turismo en las distintas regiones y por fuera de temporada alta con los Viajes de Fin de Curso financiados por la Provincia para que j\u00f3venes tambi\u00e9n puedan acceder a disfrutar los destinos y para potenciar las producciones locales<\/b>. La segunda edici\u00f3n del programa ya est\u00e1 abierta, pueden inscribirse en este link\u00a0<a href=\"https:\/\/viajefindecurso.gba.gob.ar\/inscripcion.php\" target=\"_blank\" rel=\"noopener\">viajefindecurso.gba.gob.ar<\/a>\u201d.<\/p>\n<p>En\u00a0<b>Caminos y Sabores<\/b>\u00a0se podr\u00e1 acceder a una propuesta en donde se encuentra todo junto en un mismo espacio. La posibilidad de acceder a platos y productos en un mismo lugar. En este sentido, el\u00a0<b>Ministro Costa<\/b>\u00a0explic\u00f3: \u201cSe podr\u00e1\u00a0<b>conocer la cultura culinaria del pa\u00eds que tambi\u00e9n nos acerca a la identidad profunda de cada territorio y en nuestro caso en particular de cada municipio de la provincia de Buenos Aires<\/b>.\u00a0<b>Recorrer la feria es recorrer el pa\u00eds y la Provincia a partir de sus sabores y por lo tanto de su cultura<\/b>. El postre de Balcarce, el salame mercedino y tandilero, el alfajor costero, los quesos, las mieles y las cervezas artesanales en sus cientos de variedades, la trufa negra, los pescados, las frambuesas, los vinos\u201d.<\/p>\n<p>La Provincia de Bs. As. no solo ofrece diversidad en toda su extensi\u00f3n. Tambi\u00e9n brinda oferta gastron\u00f3mica y tur\u00edstica en las temporadas de verano e invierno y durante todo el a\u00f1o en los 135 municipios que la comprenden. Las fiestas populares, por ejemplo, suceden en todos los distritos durante todos los meses del a\u00f1o y son diversas en sus propuestas e identidad.\u00a0Caminos y Sabores abrir\u00e1 sus puertas de\u00a0<b>12 a 20hs<\/b>\u00a0y podr\u00e1 disfrutarse en vivo y en directo a trav\u00e9s de\u00a0<a href=\"https:\/\/digital.expoagro.com.ar\/\" target=\"_blank\" rel=\"noopener\">digital.expoagro.com.ar.<\/a><\/p>\n","protected":false},"excerpt":{"rendered":"<p>El Gran Mercado Argentino abrir\u00e1 sus puertas desde el 7 al 10 de julio en el Predio de La Rural de Palermo. La propuesta que ofrecer\u00e1n desde la provincia de Buenos Aires es diversa.<\/p>\n","protected":false},"author":3,"featured_media":6267,"comment_status":"closed","ping_status":"closed","sticky":false,"template":"","format":"standard","meta":{"_monsterinsights_skip_tracking":false,"_monsterinsights_sitenote_active":false,"_monsterinsights_sitenote_note":"","_monsterinsights_sitenote_category":0,"footnotes":""},"categories":[1],"tags":[],"class_list":["post-6266","post","type-post","status-publish","format-standard","has-post-thumbnail","hentry","category-uncategorized"],"_links":{"self":[{"href":"https:\/\/www.visionweb.com.ar\/index.php?rest_route=\/wp\/v2\/posts\/6266","targetHints":{"allow":["GET"]}}],"collection":[{"href":"https:\/\/www.visionweb.com.ar\/index.php?rest_route=\/wp\/v2\/posts"}],"about":[{"href":"https:\/\/www.visionweb.com.ar\/index.php?rest_route=\/wp\/v2\/types\/post"}],"author":[{"embeddable":true,"href":"https:\/\/www.visionweb.com.ar\/index.php?rest_route=\/wp\/v2\/users\/3"}],"replies":[{"embeddable":true,"href":"https:\/\/www.visionweb.com.ar\/index.php?rest_route=%2Fwp%2Fv2%2Fcomments&post=6266"}],"version-history":[{"count":1,"href":"https:\/\/www.visionweb.com.ar\/index.php?rest_route=\/wp\/v2\/posts\/6266\/revisions"}],"predecessor-version":[{"id":6269,"href":"https:\/\/www.visionweb.com.ar\/index.php?rest_route=\/wp\/v2\/posts\/6266\/revisions\/6269"}],"wp:featuredmedia":[{"embeddable":true,"href":"https:\/\/www.visionweb.com.ar\/index.php?rest_route=\/wp\/v2\/media\/6267"}],"wp:attachment":[{"href":"https:\/\/www.visionweb.com.ar\/index.php?rest_route=%2Fwp%2Fv2%2Fmedia&parent=6266"}],"wp:term":[{"taxonomy":"category","embeddable":true,"href":"https:\/\/www.visionweb.com.ar\/index.php?rest_route=%2Fwp%2Fv2%2Fcategories&post=6266"},{"taxonomy":"post_tag","embeddable":true,"href":"https:\/\/www.visionweb.com.ar\/index.php?rest_route=%2Fwp%2Fv2%2Ftags&post=6266"}],"curies":[{"name":"wp","href":"https:\/\/api.w.org\/{rel}","templated":true}]}}