{"id":6261,"date":"2022-06-29T09:58:52","date_gmt":"2022-06-29T12:58:52","guid":{"rendered":"https:\/\/www.visionweb.com.ar\/?p=6261"},"modified":"2022-06-29T09:58:52","modified_gmt":"2022-06-29T12:58:52","slug":"lanus-el-parlamento-joven-llego-a-la-honorable-camara-de-diputados-bonaerense","status":"publish","type":"post","link":"https:\/\/www.visionweb.com.ar\/?p=6261","title":{"rendered":"Lan\u00fas: El Parlamento Joven lleg\u00f3 a la Honorable C\u00e1mara de Diputados bonaerense"},"content":{"rendered":"<p><em><strong>M\u00e1s de 180 alumnos llegaron a La Plata para probar el rol de ser diputados y tratar proyectos de ley en conjunto. La iniciativa se llev\u00f3 a cabo con la coordinaci\u00f3n de la Secretar\u00eda de Educaci\u00f3n, Empleo y Deportes de Lan\u00fas.<\/strong><\/em>\u00a0\u00a0\u00a0\u00a0\u00a0\u00a0 \u00a0<!--more--><\/p>\n<div id=\"attachment_6263\" style=\"width: 310px\" class=\"wp-caption alignright\"><img loading=\"lazy\" decoding=\"async\" aria-describedby=\"caption-attachment-6263\" class=\"wp-image-6263 size-medium\" src=\"https:\/\/www.visionweb.com.ar\/wp-content\/uploads\/2022\/06\/El-Parlamento-Joven-de-Lanus-llego-a-lHCD-300x200.jpg\" alt=\"\" width=\"300\" height=\"200\" srcset=\"https:\/\/www.visionweb.com.ar\/wp-content\/uploads\/2022\/06\/El-Parlamento-Joven-de-Lanus-llego-a-lHCD-300x200.jpg 300w, https:\/\/www.visionweb.com.ar\/wp-content\/uploads\/2022\/06\/El-Parlamento-Joven-de-Lanus-llego-a-lHCD.jpg 648w\" sizes=\"auto, (max-width: 300px) 100vw, 300px\" \/><p id=\"caption-attachment-6263\" class=\"wp-caption-text\">Alumnos en la HCD en La Plata trataron proyectos de ley presea por ellos mismos. (Foto: Prensa de Lan\u00fas)<\/p><\/div>\n<p><strong>E<\/strong>l vicepresidente de la C\u00e1mara de Diputados de la Provincia, Adri\u00e1n Urreli, recibi\u00f3 a m\u00e1s de 180 alumnos de 14 colegios de Lan\u00fas, que ocuparon las bancas de cada uno de los legisladores y debatieron sobre distintos proyectos de ayuda a sus comunidades, y votaron por la aprobaci\u00f3n o no de los mismos.<\/p>\n<p>En ese marco, Adri\u00e1n Urreli, expres\u00f3 en el recinto: \u00abEl trabajo y empe\u00f1o que ustedes le est\u00e1n poniendo a estos proyectos, no solo nos da alegr\u00eda, sino tambi\u00e9n esperanza de que una Provincia mejor es posible\u00bb.<\/p>\n<p>A la vez, reafirm\u00f3: \u00abSigan por este camino que cuentan con todos nosotros (los diputados) para ayudarlos y llevar adelante estos proyectos\u00bb, conforme indic\u00f3 Prensa de Lan\u00fas.<\/p>\n<p>Este programa local, que busca incentivar la acci\u00f3n democr\u00e1tica en los j\u00f3venes ofreci\u00e9ndoles la oportunidad de presentar ideas que beneficien a su comunidad, se trabaja en conjunto entre el Municipio de Lan\u00fas, a trav\u00e9s de la Secretar\u00eda de Educaci\u00f3n, Empleo y Deportes, y los 14 colegios participantes.<\/p>\n<p>En esta oportunidad presentaron en la C\u00e1mara bonaerense los siguientes proyectos: El servicio esencial de acceso a internet en toda la Provincia, la inclusi\u00f3n de platos para personas con celiaqu\u00eda en los men\u00fas de los locales gastron\u00f3micos, el cuidado integral para las mascotas de compa\u00f1\u00eda, la prohibici\u00f3n de circular con cualquier veh\u00edculo si se tiene una alcoholemia superior a 0, la obligaci\u00f3n de que las entidades que vendan cualquier tipo de moto veh\u00edculos, incluyan el respectivo casco de seguridad.<\/p>\n<p>Tambi\u00e9n, establecer un Sistema \u00danico Normalizado de Identificaci\u00f3n de Talles de Indumentaria (SUNITI), correspondiente a medidas corporales estandarizadas. Eliminar el uso de sorbetes y vasos pl\u00e1sticos en locales gastron\u00f3micos con el fin de minimizar el impacto ambiental y eliminar de los locales bailables los sectores \u201cVIP\u201d para una com\u00fan concurrencia a estos espacios.<\/p>\n<p>Adem\u00e1s de Adri\u00e1n Urreli, estuvieron presentes en la visita el secretario de Educaci\u00f3n, Empleo y Deportes, Dami\u00e1n Sala y el subsecretario de Empleo y Juventud, Ricardo Rodr\u00edguez.<\/p>\n<p>Anteriormente, los estudiantes de nivel secundario presentaron m\u00e1s de 30 proyectos, de los cuales se destacaron el debate sobre la organizaci\u00f3n y reglamentaci\u00f3n del trabajo para inmigrantes, la unificaci\u00f3n de planes sociales que incluyan capacitaci\u00f3n y salida laboral, y la integraci\u00f3n de personas con discapacidad al \u00e1mbito laboral. <strong>(VW)<\/strong><\/p>\n<p>&nbsp;<\/p>\n","protected":false},"excerpt":{"rendered":"<p>M\u00e1s de 180 alumnos llegaron a La Plata para probar el rol de ser diputados y tratar proyectos de ley en conjunto. La iniciativa se llev\u00f3 a cabo con la coordinaci\u00f3n de la Secretar\u00eda&#46;&#46;&#46;<\/p>\n","protected":false},"author":4,"featured_media":6263,"comment_status":"closed","ping_status":"closed","sticky":false,"template":"","format":"standard","meta":{"_monsterinsights_skip_tracking":false,"_monsterinsights_sitenote_active":false,"_monsterinsights_sitenote_note":"","_monsterinsights_sitenote_category":0,"footnotes":""},"categories":[8],"tags":[2562,2559,2561,2560],"class_list":["post-6261","post","type-post","status-publish","format-standard","has-post-thumbnail","hentry","category-interes-general","tag-estidiantes","tag-hcd-provincia","tag-parlamnto-joven","tag-urreli"],"_links":{"self":[{"href":"https:\/\/www.visionweb.com.ar\/index.php?rest_route=\/wp\/v2\/posts\/6261","targetHints":{"allow":["GET"]}}],"collection":[{"href":"https:\/\/www.visionweb.com.ar\/index.php?rest_route=\/wp\/v2\/posts"}],"about":[{"href":"https:\/\/www.visionweb.com.ar\/index.php?rest_route=\/wp\/v2\/types\/post"}],"author":[{"embeddable":true,"href":"https:\/\/www.visionweb.com.ar\/index.php?rest_route=\/wp\/v2\/users\/4"}],"replies":[{"embeddable":true,"href":"https:\/\/www.visionweb.com.ar\/index.php?rest_route=%2Fwp%2Fv2%2Fcomments&post=6261"}],"version-history":[{"count":2,"href":"https:\/\/www.visionweb.com.ar\/index.php?rest_route=\/wp\/v2\/posts\/6261\/revisions"}],"predecessor-version":[{"id":6264,"href":"https:\/\/www.visionweb.com.ar\/index.php?rest_route=\/wp\/v2\/posts\/6261\/revisions\/6264"}],"wp:featuredmedia":[{"embeddable":true,"href":"https:\/\/www.visionweb.com.ar\/index.php?rest_route=\/wp\/v2\/media\/6263"}],"wp:attachment":[{"href":"https:\/\/www.visionweb.com.ar\/index.php?rest_route=%2Fwp%2Fv2%2Fmedia&parent=6261"}],"wp:term":[{"taxonomy":"category","embeddable":true,"href":"https:\/\/www.visionweb.com.ar\/index.php?rest_route=%2Fwp%2Fv2%2Fcategories&post=6261"},{"taxonomy":"post_tag","embeddable":true,"href":"https:\/\/www.visionweb.com.ar\/index.php?rest_route=%2Fwp%2Fv2%2Ftags&post=6261"}],"curies":[{"name":"wp","href":"https:\/\/api.w.org\/{rel}","templated":true}]}}