{"id":6254,"date":"2022-06-29T08:01:24","date_gmt":"2022-06-29T11:01:24","guid":{"rendered":"https:\/\/www.visionweb.com.ar\/?p=6254"},"modified":"2022-06-28T20:26:23","modified_gmt":"2022-06-28T23:26:23","slug":"mas-de-100-mil-personas-visitaron-la-feria-internacional-del-libro-de-almirante-brown","status":"publish","type":"post","link":"https:\/\/www.visionweb.com.ar\/?p=6254","title":{"rendered":"M\u00e1s de 100 mil personas visitaron la Feria Internacional del Libro de Almirante Brown"},"content":{"rendered":"<p><em><strong>Las familias que se acercaron Plaza Brown tuvieron la posibilidad de disfrutar de de numerosos espect\u00e1culos que incluyeron t\u00edteres, obras de teatro, la presentaci\u00f3n de cortos, la charla de Pedro Saborido, Edgardo Esteban.<\/strong><\/em><!--more--><\/p>\n<div id=\"attachment_6255\" style=\"width: 310px\" class=\"wp-caption alignleft\"><img loading=\"lazy\" decoding=\"async\" aria-describedby=\"caption-attachment-6255\" class=\"wp-image-6255 size-medium\" src=\"https:\/\/www.visionweb.com.ar\/wp-content\/uploads\/2022\/06\/FERIA-DEL-LIBRO-300x170.png\" alt=\"\" width=\"300\" height=\"170\" srcset=\"https:\/\/www.visionweb.com.ar\/wp-content\/uploads\/2022\/06\/FERIA-DEL-LIBRO-300x170.png 300w, https:\/\/www.visionweb.com.ar\/wp-content\/uploads\/2022\/06\/FERIA-DEL-LIBRO-768x434.png 768w, https:\/\/www.visionweb.com.ar\/wp-content\/uploads\/2022\/06\/FERIA-DEL-LIBRO.png 800w\" sizes=\"auto, (max-width: 300px) 100vw, 300px\" \/><p id=\"caption-attachment-6255\" class=\"wp-caption-text\"><strong><em>Funcionarios del Municipio de almirante Brown en el cierre de luna neuva edici\u00f3n de la feria Internacional del Libro (Prensa Municipio) <\/em><\/strong><\/p><\/div>\n<p><strong>\u00a0 \u00a0 \u00a0 C<\/strong>on una cifra que super\u00f3 las 100.000 personas cerr\u00f3 este domingo una nueva Edici\u00f3n de la Feria Internacional de Libro de Almirante Brown.<\/p>\n<p>La fr\u00eda jornada del domingo no fue impedimento para que vecinas y vecinos del Distrito se acercaran a la Plaza Brown, donde, desde el jueves se realiz\u00f3 una nueva edici\u00f3n del encuentro cultural.<\/p>\n<p>Las familias que se acercaron Plaza Brown tuvieron la posibilidad de disfrutar de de numerosos espect\u00e1culos que incluyeron t\u00edteres, obras de teatro, la presentaci\u00f3n de cortos, la charla de Pedro Saborido, Edgardo Esteban y Miguel Rep sobre Malvinas.<\/p>\n<p>Tambi\u00e9n estuvo presente la m\u00fasica en vivo de Los Rockan, el espect\u00e1culo de Las Hermanas Misterio, el concierto en vivo de Pablo Agri y la Orquesta de C\u00e1mara del Municipio de Alte Brown, que junto a la presentaci\u00f3n de, periodista Mauro Szeta y Paulo Kablan redondearon una jornada hist\u00f3rica.<\/p>\n<p>El auditorio Rodolfo Walsh fue el escenario para presentar el broche de oro que lo puso la grabaci\u00f3n en vivo del programa \u00abLa Venganza Ser\u00e1 Terrible\u00bb, encabezado por Alejandro Dolina, acompa\u00f1ado por Patricio Barton, Jorge Dorio y el Trio Sin Nombre ante un auditorio Rodolfo Walsh totalmente colmado de p\u00fablico.<\/p>\n<p>En medio de los diferentes espect\u00e1culos el intendente Juan Fabiani y el diputado bonaerense Mariano Cascallares recorrieron la Feria, adem\u00e1s charlaron con las vecinas y los vecinos durante las cuatro jornadas en las que se extendi\u00f3 el evento.<\/p>\n<p>Asimismo, todo el equipo del Municipio de Almirante Brown estuvo presente con stands, entre otros, del Centro de Operaciones Municipal (COM) que sum\u00f3 un simulador de las c\u00e1maras de monitoreo del distrito, de Obras P\u00fablicas, y de los programas (solidario) Causa Com\u00fan y Brown Verde, la Biblioteca Municipal y muchos otros organismos locales incluyendo a la Universidad Nacional Guillermo Brown (UNaB). Tambi\u00e9n brillaron los stands de editoriales, libreras y libreros locales.<\/p>\n<p>El diputado Cascallares destac\u00f3 la respuesta de la gente que este a\u00f1o tuvo la Feria Internacional del Libro y coment\u00f3 que \u00abla nutrida agenda y las actividades que armamos atrajeron a miles de vecinos, porque hab\u00eda propuestas para todas las edades y para todos los gustos\u00bb.<\/p>\n<p>Por ultimo, luego de evaluar los resultados de la muestra\u00a0 indic\u00f3 indic\u00f3\u00a0 que \u00abya comenzamos a trabajar muy fuerte en la Feria del Libro 2023 que seguir\u00e1 sumando atracciones\u00bb:<\/p>\n<p>Por su parte Juan Fabiani destac\u00f3 la organizaci\u00f3n y la colaboraci\u00f3n de todo el Municipio, como tambi\u00e9n la presencia de numerosas instituciones brownianas destac\u00e1ndose nuestros ex combatientes en el 40 aniversario de la gesta de Malvinas<strong>(VW)<\/strong>.<\/p>\n","protected":false},"excerpt":{"rendered":"<p>Las familias que se acercaron Plaza Brown tuvieron la posibilidad de disfrutar de de numerosos espect\u00e1culos que incluyeron t\u00edteres, obras de teatro, la presentaci\u00f3n de cortos, la charla de Pedro Saborido, Edgardo Esteban.<\/p>\n","protected":false},"author":3,"featured_media":6255,"comment_status":"closed","ping_status":"closed","sticky":false,"template":"","format":"standard","meta":{"_monsterinsights_skip_tracking":false,"_monsterinsights_sitenote_active":false,"_monsterinsights_sitenote_note":"","_monsterinsights_sitenote_category":0,"footnotes":""},"categories":[7],"tags":[658,2558,1117],"class_list":["post-6254","post","type-post","status-publish","format-standard","has-post-thumbnail","hentry","category-educacion-y-cultura","tag-almirante-brown","tag-espectaculos","tag-libros"],"_links":{"self":[{"href":"https:\/\/www.visionweb.com.ar\/index.php?rest_route=\/wp\/v2\/posts\/6254","targetHints":{"allow":["GET"]}}],"collection":[{"href":"https:\/\/www.visionweb.com.ar\/index.php?rest_route=\/wp\/v2\/posts"}],"about":[{"href":"https:\/\/www.visionweb.com.ar\/index.php?rest_route=\/wp\/v2\/types\/post"}],"author":[{"embeddable":true,"href":"https:\/\/www.visionweb.com.ar\/index.php?rest_route=\/wp\/v2\/users\/3"}],"replies":[{"embeddable":true,"href":"https:\/\/www.visionweb.com.ar\/index.php?rest_route=%2Fwp%2Fv2%2Fcomments&post=6254"}],"version-history":[{"count":1,"href":"https:\/\/www.visionweb.com.ar\/index.php?rest_route=\/wp\/v2\/posts\/6254\/revisions"}],"predecessor-version":[{"id":6256,"href":"https:\/\/www.visionweb.com.ar\/index.php?rest_route=\/wp\/v2\/posts\/6254\/revisions\/6256"}],"wp:featuredmedia":[{"embeddable":true,"href":"https:\/\/www.visionweb.com.ar\/index.php?rest_route=\/wp\/v2\/media\/6255"}],"wp:attachment":[{"href":"https:\/\/www.visionweb.com.ar\/index.php?rest_route=%2Fwp%2Fv2%2Fmedia&parent=6254"}],"wp:term":[{"taxonomy":"category","embeddable":true,"href":"https:\/\/www.visionweb.com.ar\/index.php?rest_route=%2Fwp%2Fv2%2Fcategories&post=6254"},{"taxonomy":"post_tag","embeddable":true,"href":"https:\/\/www.visionweb.com.ar\/index.php?rest_route=%2Fwp%2Fv2%2Ftags&post=6254"}],"curies":[{"name":"wp","href":"https:\/\/api.w.org\/{rel}","templated":true}]}}