{"id":6240,"date":"2022-06-28T16:57:54","date_gmt":"2022-06-28T19:57:54","guid":{"rendered":"https:\/\/www.visionweb.com.ar\/?p=6240"},"modified":"2022-06-28T16:57:54","modified_gmt":"2022-06-28T19:57:54","slug":"dia-mundial-del-arbol-son-los-imprescindibles-para-la-vida","status":"publish","type":"post","link":"https:\/\/www.visionweb.com.ar\/?p=6240","title":{"rendered":"D\u00eda Mundial del \u00c1rbol: Son los imprescindibles para la vida"},"content":{"rendered":"<p><em><strong>El 28 de junio es una fecha que invita a reflexionar acerca de la importancia de estos gigantes y de su rol en la vida del planeta.<\/strong><\/em><!--more--><\/p>\n<div id=\"attachment_6242\" style=\"width: 273px\" class=\"wp-caption alignleft\"><img loading=\"lazy\" decoding=\"async\" aria-describedby=\"caption-attachment-6242\" class=\"wp-image-6242 size-medium\" src=\"https:\/\/www.visionweb.com.ar\/wp-content\/uploads\/2022\/06\/arboles-bosques-263x300.jpg\" alt=\"\" width=\"263\" height=\"300\" srcset=\"https:\/\/www.visionweb.com.ar\/wp-content\/uploads\/2022\/06\/arboles-bosques-263x300.jpg 263w, https:\/\/www.visionweb.com.ar\/wp-content\/uploads\/2022\/06\/arboles-bosques.jpg 504w\" sizes=\"auto, (max-width: 263px) 100vw, 263px\" \/><p id=\"caption-attachment-6242\" class=\"wp-caption-text\">Bosque de la provincia de R\u00edo Negro. (Foto: Archivo VW)<\/p><\/div>\n<p><strong>H<\/strong>oy 28 de junio se celebra el D\u00eda Mundial del \u00c1rbol 2022. Los \u00e1rboles juegan un\u00a0papel esencial en la supervivencia de la humanidad. Se estima que hay aproximadamente 300.000 formas diferentes de especies de plantas que actualmente cubren el planeta. Y sin ellas la vida animal tal como la conocemos hoy nunca podr\u00eda haber existido.<\/p>\n<p>Son un recurso vital para nuestra sociedad,\u00a0ya que siempre han estado estrechamente ligados a la evoluci\u00f3n humana.<\/p>\n<p>Los \u00e1rboles adem\u00e1s son fundamentales en las zonas urbanas para\u00a0mantener una adecuada calidad de vida, aunque a veces, y desafortunadamente, su importancia y beneficios se han pasado por alto en favor del desarrollo urbano.<\/p>\n<p>Los \u00e1rboles generan vida. A trav\u00e9s de la fotos\u00edntesis,\u00a0purifican el aire, producen ox\u00edgeno y consumen CO2. Sin duda han contribuido en gran medida al advenimiento de la vida animal en la tierra.<\/p>\n<p>Los \u00e1rboles son\u00a0primordiales para mantener la biodiversidad biol\u00f3gica. Especialmente cuando forman parte de un bosque, que es de por s\u00ed un organismo vivo e intr\u00ednseco. Donde cada integrante es esencial para mantener la salud del entorno.<\/p>\n<p>La desaparici\u00f3n de una sola especie vegetal puede llevar a la extinci\u00f3n de 30 especies animales. A la vez, las plantas son una fuente de alimento para los animales.<\/p>\n<p>Los \u00e1rboles fijan los suelos de los alrededores de donde crecen. Filtran las aguas. Y son refugio de todo tipo de otras especies.<\/p>\n<div id=\"attachment_6243\" style=\"width: 310px\" class=\"wp-caption alignright\"><img loading=\"lazy\" decoding=\"async\" aria-describedby=\"caption-attachment-6243\" class=\"wp-image-6243 size-medium\" src=\"https:\/\/www.visionweb.com.ar\/wp-content\/uploads\/2022\/06\/arboles-luis-barbieri-300x225.jpg\" alt=\"\" width=\"300\" height=\"225\" srcset=\"https:\/\/www.visionweb.com.ar\/wp-content\/uploads\/2022\/06\/arboles-luis-barbieri-300x225.jpg 300w, https:\/\/www.visionweb.com.ar\/wp-content\/uploads\/2022\/06\/arboles-luis-barbieri-320x240.jpg 320w, https:\/\/www.visionweb.com.ar\/wp-content\/uploads\/2022\/06\/arboles-luis-barbieri.jpg 538w\" sizes=\"auto, (max-width: 300px) 100vw, 300px\" \/><p id=\"caption-attachment-6243\" class=\"wp-caption-text\">Arboleda en el campo, provincia de Buenos Aires. (Foto de autor: Luis Barbieri)<\/p><\/div>\n<p>Los \u00e1rboles combaten la erosi\u00f3n del suelo. El follaje de los \u00e1rboles proporciona materia org\u00e1nica que cubre la tierra. De esta manera estabiliza y regula el nivel hidrol\u00f3gico y el de las capas fre\u00e1ticas.<\/p>\n<p>Las ra\u00edces de los \u00e1rboles tambi\u00e9n mantienen el suelo en su lugar. Lo que es fundamental en terrenos inclinados o muy lluviosos.<\/p>\n<p>Los \u00e1rboles mejoran la calidad de las aguas: Esto sucede porque las plantas absorben el agua superficial y evitan que fluya sobre otras \u00e1reas. Muchas de las cuales pueden contener contaminantes.<\/p>\n<p>Los \u00e1rboles aten\u00faan las diferencias de temperatura: Esto sucede porque liberan vapor de agua al aire a trav\u00e9s de un proceso de evapotranspiraci\u00f3n. Adem\u00e1s, la deforestaci\u00f3n aumenta la temperatura del aire y potencia la velocidad del viento. Por lo que los \u00e1rboles act\u00faan como cortavientos protegiendo su entorno.<\/p>\n<p>Los\u00a0colores y olores de los \u00e1rboles tienen un efecto positivo en la salud mental de las personas. En un mundo a menudo fr\u00edo y distante, sus aromas, el ruido de su follaje o sus coloridas hojas y flores resultan tranquilizadoras y estimulantes. Los espacios verdes, ya sean parques urbanos o \u00e1rboles en las aceras resultan un aliciente para muchas personas.<\/p>\n<p>Los lugares arbolados incitan a las personas a realizar actividades f\u00edsicas, a reflexionar o a relajarse.\u00a0En las zonas urbanas, los espacios arbolados son imprescindibles para caminar, correr, andar en bicicleta o contactar con la naturaleza. <strong>(VW)<\/strong><\/p>\n<p>&nbsp;<\/p>\n<p>&nbsp;<\/p>\n","protected":false},"excerpt":{"rendered":"<p>El 28 de junio es una fecha que invita a reflexionar acerca de la importancia de estos gigantes y de su rol en la vida del planeta.<\/p>\n","protected":false},"author":4,"featured_media":6243,"comment_status":"closed","ping_status":"closed","sticky":false,"template":"","format":"standard","meta":{"_monsterinsights_skip_tracking":false,"_monsterinsights_sitenote_active":false,"_monsterinsights_sitenote_note":"","_monsterinsights_sitenote_category":0,"footnotes":""},"categories":[8],"tags":[2553,1962,2554,2552],"class_list":["post-6240","post","type-post","status-publish","format-standard","has-post-thumbnail","hentry","category-interes-general","tag-28-de-junio","tag-biodiversidad","tag-bosques","tag-dia-mundial-del-arbol"],"_links":{"self":[{"href":"https:\/\/www.visionweb.com.ar\/index.php?rest_route=\/wp\/v2\/posts\/6240","targetHints":{"allow":["GET"]}}],"collection":[{"href":"https:\/\/www.visionweb.com.ar\/index.php?rest_route=\/wp\/v2\/posts"}],"about":[{"href":"https:\/\/www.visionweb.com.ar\/index.php?rest_route=\/wp\/v2\/types\/post"}],"author":[{"embeddable":true,"href":"https:\/\/www.visionweb.com.ar\/index.php?rest_route=\/wp\/v2\/users\/4"}],"replies":[{"embeddable":true,"href":"https:\/\/www.visionweb.com.ar\/index.php?rest_route=%2Fwp%2Fv2%2Fcomments&post=6240"}],"version-history":[{"count":2,"href":"https:\/\/www.visionweb.com.ar\/index.php?rest_route=\/wp\/v2\/posts\/6240\/revisions"}],"predecessor-version":[{"id":6244,"href":"https:\/\/www.visionweb.com.ar\/index.php?rest_route=\/wp\/v2\/posts\/6240\/revisions\/6244"}],"wp:featuredmedia":[{"embeddable":true,"href":"https:\/\/www.visionweb.com.ar\/index.php?rest_route=\/wp\/v2\/media\/6243"}],"wp:attachment":[{"href":"https:\/\/www.visionweb.com.ar\/index.php?rest_route=%2Fwp%2Fv2%2Fmedia&parent=6240"}],"wp:term":[{"taxonomy":"category","embeddable":true,"href":"https:\/\/www.visionweb.com.ar\/index.php?rest_route=%2Fwp%2Fv2%2Fcategories&post=6240"},{"taxonomy":"post_tag","embeddable":true,"href":"https:\/\/www.visionweb.com.ar\/index.php?rest_route=%2Fwp%2Fv2%2Ftags&post=6240"}],"curies":[{"name":"wp","href":"https:\/\/api.w.org\/{rel}","templated":true}]}}