{"id":6231,"date":"2022-06-28T14:34:55","date_gmt":"2022-06-28T17:34:55","guid":{"rendered":"https:\/\/www.visionweb.com.ar\/?p=6231"},"modified":"2022-06-28T14:34:55","modified_gmt":"2022-06-28T17:34:55","slug":"xxvi-maraton-club-atletico-lanus-ya-abrio-la-inscripcion","status":"publish","type":"post","link":"https:\/\/www.visionweb.com.ar\/?p=6231","title":{"rendered":"XXVI Marat\u00f3n Club Atl\u00e9tico Lan\u00fas: Ya abri\u00f3 la inscripci\u00f3n"},"content":{"rendered":"<h4><strong>La tradicional prueba se realizar\u00e1 el pr\u00f3ximo 9 de Julio, con \u201clargada\u201d desde la puerta del Club.<\/strong><strong>\u00a0<\/strong><\/h4>\n<p><!--more--><\/p>\n<p><strong>\u00a0\u00a0\u00a0\u00a0\u00a0\u00a0\u00a0\u00a0\u00a0 <img loading=\"lazy\" decoding=\"async\" class=\"size-full wp-image-6233 aligncenter\" src=\"https:\/\/www.visionweb.com.ar\/wp-content\/uploads\/2022\/06\/maraton-club-lanus.bmp\" alt=\"\" width=\"609\" height=\"360\" \/>\u00a0\u00a0\u00a0\u00a0\u00a0\u00a0\u00a0\u00a0 <\/strong><strong>Y<\/strong>a est\u00e1 abierta la inscripci\u00f3n presencial del XXVI Marat\u00f3n del Club Atl\u00e9tico Lan\u00fas, que se llevar\u00e1 a cabo el pr\u00f3ximo 9 de julio.<strong>\u00a0<\/strong>El evento, que se realiza desde hace 28 a\u00f1os, en esta oportunidad, tendr\u00e1 un cambio: La largada ser\u00e1 desde<strong> \u201cLa Fortaleza\u201d<\/strong>, en la calle Ram\u00f3n Cabrero 2007, esquina Juan H\u00e9ctor Guidi, Lan\u00fas Este.<\/p>\n<p>En la prueba, se corren las distancias de 21K, 10 K competitivas, y 3 K y KIDS (1200 metros) participativas.<\/p>\n<p><strong>La inscripci\u00f3n presencial <\/strong>se puede realizar de lunes a viernes, de 16 a 19:30; s\u00e1bados, de 09:30 a 11:30. Los aranceles se abonan en efectivo o con tarjetas en la oficinal del Departamento de Coordinaci\u00f3n de Deportes Amateurs e Inclusivos, ubicado en el primer piso del Club.<\/p>\n<div id=\"attachment_6234\" style=\"width: 582px\" class=\"wp-caption aligncenter\"><a href=\"https:\/\/www.visionweb.com.ar\/wp-content\/uploads\/2022\/06\/club-lanus-maraton.bmp\"><img loading=\"lazy\" decoding=\"async\" aria-describedby=\"caption-attachment-6234\" class=\"wp-image-6234 size-full\" src=\"https:\/\/www.visionweb.com.ar\/wp-content\/uploads\/2022\/06\/club-lanus-maraton.bmp\" alt=\"\" width=\"572\" height=\"386\" \/><\/a><p id=\"caption-attachment-6234\" class=\"wp-caption-text\">Imagen: Archivo Club Lan\u00fas<\/p><\/div>\n<p>Hay que presentar:<\/p>\n<p>-Fotocopia del DNI del corredor<br \/>\n-Deslinde impreso y firmado<br \/>\n-Para personas con discapacidad: fotocopias de certificado \u00fanico de discapacidad vigente a la fecha de la carrera.<\/p>\n<p>Para retirar los kits, que comprenden camiseta y dorsal, asistir los d\u00edas s\u00e1bado 2 y domingo 3 de julio, de 10 a 14; o de lunes 4 al viernes 8 de julio, de 16 a 20, en la misma oficina. Desde la instituci\u00f3n aclararon que el d\u00eda de la carrera no se entregar\u00e1n kits ni camisetas.<\/p>\n<p>Tambi\u00e9n se puede hacer la<strong> inscripci\u00f3n online<\/strong> haciendo clic<strong>\u00a0<\/strong><strong><u><a href=\"https:\/\/ticketsati.com\/evento\/6\">AC\u00c1<\/a><\/u><\/strong><\/p>\n<p>Consultas por correo electr\u00f3nico:\u00a0maraton@clublanus.con<br \/>\nConsultas por tel\u00e9fono:\u00a043579200 interno 248. <strong>(VW)<\/strong><\/p>\n<p>&nbsp;<\/p>\n<p>&nbsp;<\/p>\n<p>&nbsp;<\/p>\n","protected":false},"excerpt":{"rendered":"<p>La tradicional prueba se realizar\u00e1 el pr\u00f3ximo 9 de Julio, con \u201clargada\u201d desde la puerta del Club.\u00a0<\/p>\n","protected":false},"author":4,"featured_media":6234,"comment_status":"closed","ping_status":"closed","sticky":false,"template":"","format":"standard","meta":{"_monsterinsights_skip_tracking":false,"_monsterinsights_sitenote_active":false,"_monsterinsights_sitenote_note":"","_monsterinsights_sitenote_category":0,"footnotes":""},"categories":[8],"tags":[2548,2547,850,2549,2546],"class_list":["post-6231","post","type-post","status-publish","format-standard","has-post-thumbnail","hentry","category-interes-general","tag-10k","tag-21k","tag-inscripcion","tag-la-fortaleza","tag-xxvi-maraton-club-lanus"],"_links":{"self":[{"href":"https:\/\/www.visionweb.com.ar\/index.php?rest_route=\/wp\/v2\/posts\/6231","targetHints":{"allow":["GET"]}}],"collection":[{"href":"https:\/\/www.visionweb.com.ar\/index.php?rest_route=\/wp\/v2\/posts"}],"about":[{"href":"https:\/\/www.visionweb.com.ar\/index.php?rest_route=\/wp\/v2\/types\/post"}],"author":[{"embeddable":true,"href":"https:\/\/www.visionweb.com.ar\/index.php?rest_route=\/wp\/v2\/users\/4"}],"replies":[{"embeddable":true,"href":"https:\/\/www.visionweb.com.ar\/index.php?rest_route=%2Fwp%2Fv2%2Fcomments&post=6231"}],"version-history":[{"count":2,"href":"https:\/\/www.visionweb.com.ar\/index.php?rest_route=\/wp\/v2\/posts\/6231\/revisions"}],"predecessor-version":[{"id":6235,"href":"https:\/\/www.visionweb.com.ar\/index.php?rest_route=\/wp\/v2\/posts\/6231\/revisions\/6235"}],"wp:featuredmedia":[{"embeddable":true,"href":"https:\/\/www.visionweb.com.ar\/index.php?rest_route=\/wp\/v2\/media\/6234"}],"wp:attachment":[{"href":"https:\/\/www.visionweb.com.ar\/index.php?rest_route=%2Fwp%2Fv2%2Fmedia&parent=6231"}],"wp:term":[{"taxonomy":"category","embeddable":true,"href":"https:\/\/www.visionweb.com.ar\/index.php?rest_route=%2Fwp%2Fv2%2Fcategories&post=6231"},{"taxonomy":"post_tag","embeddable":true,"href":"https:\/\/www.visionweb.com.ar\/index.php?rest_route=%2Fwp%2Fv2%2Ftags&post=6231"}],"curies":[{"name":"wp","href":"https:\/\/api.w.org\/{rel}","templated":true}]}}