{"id":6224,"date":"2022-06-28T12:16:40","date_gmt":"2022-06-28T15:16:40","guid":{"rendered":"https:\/\/www.visionweb.com.ar\/?p=6224"},"modified":"2022-06-28T12:16:40","modified_gmt":"2022-06-28T15:16:40","slug":"el-diputado-buryaile-propuso-crear-un-sistema-de-proteccion-para-personas-discapacitadas","status":"publish","type":"post","link":"https:\/\/www.visionweb.com.ar\/?p=6224","title":{"rendered":"El Diputado Buryaile propuso crear un sistema de protecci\u00f3n para personas discapacitadas"},"content":{"rendered":"<p><em><strong>La iniciativa legislativa fue presentada. Esas pesonas son vulnerables en estado de pobreza y lo son con una discapacidad f\u00edsica.<\/strong><\/em>\u00a0 <!--more--><\/p>\n<div id=\"attachment_6225\" style=\"width: 310px\" class=\"wp-caption alignright\"><img loading=\"lazy\" decoding=\"async\" aria-describedby=\"caption-attachment-6225\" class=\"wp-image-6225 size-medium\" src=\"https:\/\/www.visionweb.com.ar\/wp-content\/uploads\/2022\/06\/RICARDO-BURYAILE-300x201.png\" alt=\"\" width=\"300\" height=\"201\" srcset=\"https:\/\/www.visionweb.com.ar\/wp-content\/uploads\/2022\/06\/RICARDO-BURYAILE-300x201.png 300w, https:\/\/www.visionweb.com.ar\/wp-content\/uploads\/2022\/06\/RICARDO-BURYAILE.png 640w\" sizes=\"auto, (max-width: 300px) 100vw, 300px\" \/><p id=\"caption-attachment-6225\" class=\"wp-caption-text\">Diputado Nacional Ricardo Buryaile (Prensa Diputadois)<\/p><\/div>\n<p><strong>E<\/strong>l diputado nacional, Ricardo Buryaile (UCR-Juntos), present\u00f3 un proyecto de ley para crear un Sistema Integral de Protecci\u00f3n Social para Personas con Discapacidad, con el fin de proteger a las mismas, independientemente de la condici\u00f3n socioecon\u00f3mica de su grupo familiar.<\/p>\n<p>\u201cPretendemos amparar a las personas con discapacidad, por su condici\u00f3n de tal. La normativa vigente exige que, para acceder al beneficio de pensi\u00f3n, las personas en situaci\u00f3n de discapacidad deben demostrar que no cuentan con familiares obligados a prestar alimentos en condiciones de hacerlo\u201d, puntuializ\u00f3 el legislador por Formosa.<\/p>\n<p>Al respecto, Buryaile explic\u00f3 que \u201csi esa persona, cuenta con familiares que puedan asistirlo, el Estado se desentiende y deniega el beneficio de pensi\u00f3n por considerar que no tiene derecho\u201d, insisti\u00f3. Buryaile asegur\u00f3 que, con la nueva legislaci\u00f3n, se incluyen a las personas con discapacidad por su condici\u00f3n, \u201cla protecci\u00f3n es integral y absoluta\u201d, reforz\u00f3.<\/p>\n<p>Esas personas, manifest\u00f3 que \u201cno s\u00f3lo se es vulnerable en estado de pobreza, tambi\u00e9n se lo es con una incapacidad f\u00edsica que impide el normal desarrollo en la vida cotidiana\u201d.<\/p>\n<p>Para cerrar su presentaci\u00f3n el legislador record\u00f3 que: \u201cEl proyecto garantiza en pie de igualdad un beneficio de la protecci\u00f3n social a todas las personas con discapacidad\u201d.<\/p>\n<p>La iniciativa, fue acompa\u00f1ada, por los diputados nacionales<\/p>\n<p>Soledad Carrizo, Pedro Galimberti, Ximena Garc\u00eda, Marcela Coli, Lidia Ascarate, Laura Castets, Gabriela Lena, Mart\u00edn Arjol, Miguel Bazze, Gustavo Bouhid, Jorge Rizzotti, Karina Banfi, Hugo Romero, Roberto S\u00e1nchez, Sebasti\u00e1n Salvador, Carlos Zapata y An\u00edbal Tortoriello<strong>(VW)<\/strong><\/p>\n<p>&nbsp;<\/p>\n","protected":false},"excerpt":{"rendered":"<p>La iniciativa legislativa fue presentada. Esas pesonas son vulnerables en estado de pobreza y lo son con una discapacidad f\u00edsica.\u00a0<\/p>\n","protected":false},"author":3,"featured_media":6225,"comment_status":"closed","ping_status":"closed","sticky":false,"template":"","format":"standard","meta":{"_monsterinsights_skip_tracking":false,"_monsterinsights_sitenote_active":false,"_monsterinsights_sitenote_note":"","_monsterinsights_sitenote_category":0,"footnotes":""},"categories":[3,4],"tags":[2541,2542,2401,1670],"class_list":["post-6224","post","type-post","status-publish","format-standard","has-post-thumbnail","hentry","category-actualidad","category-politica","tag-buryaile","tag-discapacitadas","tag-personas","tag-sociedad"],"_links":{"self":[{"href":"https:\/\/www.visionweb.com.ar\/index.php?rest_route=\/wp\/v2\/posts\/6224","targetHints":{"allow":["GET"]}}],"collection":[{"href":"https:\/\/www.visionweb.com.ar\/index.php?rest_route=\/wp\/v2\/posts"}],"about":[{"href":"https:\/\/www.visionweb.com.ar\/index.php?rest_route=\/wp\/v2\/types\/post"}],"author":[{"embeddable":true,"href":"https:\/\/www.visionweb.com.ar\/index.php?rest_route=\/wp\/v2\/users\/3"}],"replies":[{"embeddable":true,"href":"https:\/\/www.visionweb.com.ar\/index.php?rest_route=%2Fwp%2Fv2%2Fcomments&post=6224"}],"version-history":[{"count":1,"href":"https:\/\/www.visionweb.com.ar\/index.php?rest_route=\/wp\/v2\/posts\/6224\/revisions"}],"predecessor-version":[{"id":6226,"href":"https:\/\/www.visionweb.com.ar\/index.php?rest_route=\/wp\/v2\/posts\/6224\/revisions\/6226"}],"wp:featuredmedia":[{"embeddable":true,"href":"https:\/\/www.visionweb.com.ar\/index.php?rest_route=\/wp\/v2\/media\/6225"}],"wp:attachment":[{"href":"https:\/\/www.visionweb.com.ar\/index.php?rest_route=%2Fwp%2Fv2%2Fmedia&parent=6224"}],"wp:term":[{"taxonomy":"category","embeddable":true,"href":"https:\/\/www.visionweb.com.ar\/index.php?rest_route=%2Fwp%2Fv2%2Fcategories&post=6224"},{"taxonomy":"post_tag","embeddable":true,"href":"https:\/\/www.visionweb.com.ar\/index.php?rest_route=%2Fwp%2Fv2%2Ftags&post=6224"}],"curies":[{"name":"wp","href":"https:\/\/api.w.org\/{rel}","templated":true}]}}