{"id":6218,"date":"2022-06-27T12:25:38","date_gmt":"2022-06-27T15:25:38","guid":{"rendered":"https:\/\/www.visionweb.com.ar\/?p=6218"},"modified":"2022-06-27T13:17:31","modified_gmt":"2022-06-27T16:17:31","slug":"posse-queremos-un-radicalismo-que-sea-socio-pleno-en-juntos-por-el-cambio","status":"publish","type":"post","link":"https:\/\/www.visionweb.com.ar\/?p=6218","title":{"rendered":"Posse: \u201cQueremos un radicalismo que sea socio pleno en Juntos por el Cambio\u201d"},"content":{"rendered":"<p><strong><em>En cada lugar de la Argentina el radicalismo es el motor de Juntos por el Cambio. LA UCR celebr\u00f3 los 131 a\u00f1os de su fundaci\u00f3n.<\/em><\/strong><!--more--><\/p>\n<p><strong>\u00a0 \u00a0 \u00a0 \u00a0 \u00a0 <img loading=\"lazy\" decoding=\"async\" class=\"size-medium wp-image-2059 alignleft\" src=\"https:\/\/www.visionweb.com.ar\/wp-content\/uploads\/2021\/07\/GUSTAVO-POSSE-300x170.png\" alt=\"\" width=\"300\" height=\"170\" srcset=\"https:\/\/www.visionweb.com.ar\/wp-content\/uploads\/2021\/07\/GUSTAVO-POSSE-300x170.png 300w, https:\/\/www.visionweb.com.ar\/wp-content\/uploads\/2021\/07\/GUSTAVO-POSSE-768x436.png 768w, https:\/\/www.visionweb.com.ar\/wp-content\/uploads\/2021\/07\/GUSTAVO-POSSE.png 800w\" sizes=\"auto, (max-width: 300px) 100vw, 300px\" \/>\u00a0 E<\/strong>l intendente de San Isidro, Gustavo Posse, encabez\u00f3 este domingo un acto en Mar del Plata para celebrar los 131 a\u00f1os de la Uni\u00f3n C\u00edvica Radical (UCR) y llam\u00f3 a que el radicalismo sea \u201cprotagonista\u201d y \u201csocio pleno en Juntos por el Cambio\u201d.<\/p>\n<p>\u201cQueremos un radicalismo que sea socio pleno en Juntos por el Cambio, que exija reglas claras, que ponga en agenda las pol\u00edticas p\u00fablicas de educaci\u00f3n, salud, defensa de la producci\u00f3n y trabajo digno\u201d, sostuvo en la ciudad balnearia el referente de la UCR.<\/p>\n<p>Posse estuvo acompa\u00f1ado por el intendente de Maip\u00fa, Mat\u00edas Rapallini; el diputado provincial, Walter Carusso; y la ex intendenta de Chascom\u00fas y diputada provincial, Liliana Denot; entre otros.<\/p>\n<p>\u201cVamos a trabajar para que tener un presidente y un gobernador de la provincia de Buenos Aires radicales. Nuestro plan de gobierno es el de la sociedad. En cada lugar de nuestro pa\u00eds, el radicalismo es el motor de Juntos por el Cambio\u201d, asegur\u00f3 el jefe comunal en un acto del que participaron unas cuatro mil personas.<\/p>\n<p>Posse tambi\u00e9n habl\u00f3 de garantizar el acceso a la salud y educaci\u00f3n p\u00fablica y a la seguridad. Adem\u00e1s sostuvo que hay que mejorar la situaci\u00f3n de las pymes y comerciantes. \u201cTenemos los mejores hombres y mujeres para eso\u201d, finaliz\u00f3<strong>(VW)<\/strong>.<\/p>\n","protected":false},"excerpt":{"rendered":"<p>En cada lugar de la Argentina el radicalismo es el motor de Juntos por el Cambio. LA UCR celebr\u00f3 los 131 a\u00f1os de su fundaci\u00f3n.<\/p>\n","protected":false},"author":3,"featured_media":2059,"comment_status":"closed","ping_status":"closed","sticky":false,"template":"","format":"standard","meta":{"_monsterinsights_skip_tracking":false,"_monsterinsights_sitenote_active":false,"_monsterinsights_sitenote_note":"","_monsterinsights_sitenote_category":0,"footnotes":""},"categories":[4],"tags":[1820,545,1389],"class_list":["post-6218","post","type-post","status-publish","format-standard","has-post-thumbnail","hentry","category-politica","tag-posse","tag-pro","tag-radicalismo"],"_links":{"self":[{"href":"https:\/\/www.visionweb.com.ar\/index.php?rest_route=\/wp\/v2\/posts\/6218","targetHints":{"allow":["GET"]}}],"collection":[{"href":"https:\/\/www.visionweb.com.ar\/index.php?rest_route=\/wp\/v2\/posts"}],"about":[{"href":"https:\/\/www.visionweb.com.ar\/index.php?rest_route=\/wp\/v2\/types\/post"}],"author":[{"embeddable":true,"href":"https:\/\/www.visionweb.com.ar\/index.php?rest_route=\/wp\/v2\/users\/3"}],"replies":[{"embeddable":true,"href":"https:\/\/www.visionweb.com.ar\/index.php?rest_route=%2Fwp%2Fv2%2Fcomments&post=6218"}],"version-history":[{"count":1,"href":"https:\/\/www.visionweb.com.ar\/index.php?rest_route=\/wp\/v2\/posts\/6218\/revisions"}],"predecessor-version":[{"id":6219,"href":"https:\/\/www.visionweb.com.ar\/index.php?rest_route=\/wp\/v2\/posts\/6218\/revisions\/6219"}],"wp:featuredmedia":[{"embeddable":true,"href":"https:\/\/www.visionweb.com.ar\/index.php?rest_route=\/wp\/v2\/media\/2059"}],"wp:attachment":[{"href":"https:\/\/www.visionweb.com.ar\/index.php?rest_route=%2Fwp%2Fv2%2Fmedia&parent=6218"}],"wp:term":[{"taxonomy":"category","embeddable":true,"href":"https:\/\/www.visionweb.com.ar\/index.php?rest_route=%2Fwp%2Fv2%2Fcategories&post=6218"},{"taxonomy":"post_tag","embeddable":true,"href":"https:\/\/www.visionweb.com.ar\/index.php?rest_route=%2Fwp%2Fv2%2Ftags&post=6218"}],"curies":[{"name":"wp","href":"https:\/\/api.w.org\/{rel}","templated":true}]}}