{"id":6211,"date":"2022-06-27T12:14:07","date_gmt":"2022-06-27T15:14:07","guid":{"rendered":"https:\/\/www.visionweb.com.ar\/?p=6211"},"modified":"2022-06-27T12:14:07","modified_gmt":"2022-06-27T15:14:07","slug":"provincia-aumento-en-la-cuota-de-colegios-privados","status":"publish","type":"post","link":"https:\/\/www.visionweb.com.ar\/?p=6211","title":{"rendered":"Provincia: Aumento en la cuota de colegios privados"},"content":{"rendered":"<p><em><strong>El gobierno de la provincia de Buenos Aires autoriz\u00f3 aumentos promedio de 9 por ciento para el mes de julio en colegios privados.<\/strong><\/em><!--more--><\/p>\n<p><strong><a href=\"https:\/\/www.visionweb.com.ar\/wp-content\/uploads\/2022\/06\/clases-colegio-privados-1.bmp\"><img loading=\"lazy\" decoding=\"async\" class=\"size-full wp-image-6216 aligncenter\" src=\"https:\/\/www.visionweb.com.ar\/wp-content\/uploads\/2022\/06\/clases-colegio-privados-1.bmp\" alt=\"\" width=\"562\" height=\"388\" \/><\/a>E<\/strong>l gobierno de la provincia de Buenos Aires autoriz\u00f3 hoy un aumento\u00a0promedio del 9 por ciento<strong>\u00a0<\/strong>en las cuotas de los colegios privados bonaerenses, y regir\u00e1 a partir de julio para aquellas instituciones que reciben subvenci\u00f3n estatal.<\/p>\n<p>A trav\u00e9s de un comunicado, el Ejecutivo provincial precis\u00f3: \u201cEl aumento se fundamenta en la necesidad de hacer frente a parte de los\u00a0incrementos de salarios de los docentes\u00a0y se aplica en todos los establecimientos educativos no estatales que reciben una subvenci\u00f3n del gobierno\u201d.<\/p>\n<p>Esto se debe a que en abril ya se hab\u00eda acordado aumentos que reg\u00edan hasta septiembre, pero la escalada inflacionaria oblig\u00f3 a recalcular.<\/p>\n<p>En la \u00faltima reapertura de las paritarias, el gobierno de Axel Kicillof acord\u00f3 subir un\u00a010 por ciento m\u00e1s<strong>\u00a0<\/strong>las remuneraciones de los docentes para alcanzar una mejora anual por encima del 60 por ciento.<\/p>\n<p>En el territorio bonaerense concurren aproximadamente 1,2 millones de alumnos a 4.280 establecimientos privados quienes ya deber\u00e1n afrontar en julio dos subas autorizadas por el gobierno y que marcan un 16,7 por ciento\u00a0superior a lo abonado en este sexto mes del a\u00f1o.<\/p>\n<p>Las nuevas escalas marcan que en julio, un colegio con 100 por ciento de aporte estatal que dicta Inicial y primaria, deber\u00e1 tener una cuota de 3.231 pesos. En cambio, si recibe 40 por ciento de subvenci\u00f3n -el menor aporte de la escala- puede costar hasta 14.600 pesos.<\/p>\n<p>Para escuela secundaria, las cuotas van de 3.562 pesos a 18.972 pesos; si se tratara de t\u00e9cnicas, agrarias o especializadas en arte, ir\u00edan de 4.106 pesos a 21.713 pesos. En tanto que las superiores ir\u00e1n de 4.651 a 18.529 pesos.<\/p>\n<p>C\u00f3mo ser\u00e1n las cuotas en septiembre:<\/p>\n<p>En septiembre, los servicios de educaci\u00f3n inicial y primaria oscilar\u00e1n entre 3.495 pesos y 15.793 pesos, siempre de acuerdo a la subvenci\u00f3n.<\/p>\n<p>Para secundaria, comenzar\u00e1n en 3.853 pesos y trepar\u00e1n a 20.523 pesos; especializados en t\u00e9cnica, agraria o arte partir\u00e1n de 4.442 pesos hasta los 23.488 y superior desde 5.031 hasta 20.044. <strong>(VW)<\/strong><\/p>\n<p>&nbsp;<\/p>\n","protected":false},"excerpt":{"rendered":"<p>El gobierno de la provincia de Buenos Aires autoriz\u00f3 aumentos promedio de 9 por ciento para el mes de julio en colegios privados.<\/p>\n","protected":false},"author":4,"featured_media":6216,"comment_status":"closed","ping_status":"closed","sticky":false,"template":"","format":"standard","meta":{"_monsterinsights_skip_tracking":false,"_monsterinsights_sitenote_active":false,"_monsterinsights_sitenote_note":"","_monsterinsights_sitenote_category":0,"footnotes":""},"categories":[6,5],"tags":[2538,2539,356],"class_list":["post-6211","post","type-post","status-publish","format-standard","has-post-thumbnail","hentry","category-economia","category-sociedad","tag-aumento-cuitas-colegios","tag-colegios-privados","tag-provincia"],"_links":{"self":[{"href":"https:\/\/www.visionweb.com.ar\/index.php?rest_route=\/wp\/v2\/posts\/6211","targetHints":{"allow":["GET"]}}],"collection":[{"href":"https:\/\/www.visionweb.com.ar\/index.php?rest_route=\/wp\/v2\/posts"}],"about":[{"href":"https:\/\/www.visionweb.com.ar\/index.php?rest_route=\/wp\/v2\/types\/post"}],"author":[{"embeddable":true,"href":"https:\/\/www.visionweb.com.ar\/index.php?rest_route=\/wp\/v2\/users\/4"}],"replies":[{"embeddable":true,"href":"https:\/\/www.visionweb.com.ar\/index.php?rest_route=%2Fwp%2Fv2%2Fcomments&post=6211"}],"version-history":[{"count":2,"href":"https:\/\/www.visionweb.com.ar\/index.php?rest_route=\/wp\/v2\/posts\/6211\/revisions"}],"predecessor-version":[{"id":6217,"href":"https:\/\/www.visionweb.com.ar\/index.php?rest_route=\/wp\/v2\/posts\/6211\/revisions\/6217"}],"wp:featuredmedia":[{"embeddable":true,"href":"https:\/\/www.visionweb.com.ar\/index.php?rest_route=\/wp\/v2\/media\/6216"}],"wp:attachment":[{"href":"https:\/\/www.visionweb.com.ar\/index.php?rest_route=%2Fwp%2Fv2%2Fmedia&parent=6211"}],"wp:term":[{"taxonomy":"category","embeddable":true,"href":"https:\/\/www.visionweb.com.ar\/index.php?rest_route=%2Fwp%2Fv2%2Fcategories&post=6211"},{"taxonomy":"post_tag","embeddable":true,"href":"https:\/\/www.visionweb.com.ar\/index.php?rest_route=%2Fwp%2Fv2%2Ftags&post=6211"}],"curies":[{"name":"wp","href":"https:\/\/api.w.org\/{rel}","templated":true}]}}