{"id":6210,"date":"2022-06-27T12:12:43","date_gmt":"2022-06-27T15:12:43","guid":{"rendered":"https:\/\/www.visionweb.com.ar\/?p=6210"},"modified":"2022-06-27T12:12:43","modified_gmt":"2022-06-27T15:12:43","slug":"mas-de-100-empresas-participaron-de-una-nueva-ronda-de-negocios-multisectorial","status":"publish","type":"post","link":"https:\/\/www.visionweb.com.ar\/?p=6210","title":{"rendered":"M\u00e1s de 100 empresas participaron de una nueva ronda de Negocios Multisectorial"},"content":{"rendered":"<p><strong><em>La iniciativa est\u00e1 dirigida a MiPyMEs industriales y comerciales, cooperativas y grandes empresas, con el fin de promover la interacci\u00f3n y acelerar la recuperaci\u00f3n productiva bonaerense.<\/em><\/strong><\/p>\n<p><!--more--><\/p>\n<div id=\"attachment_6214\" style=\"width: 310px\" class=\"wp-caption alignright\"><img loading=\"lazy\" decoding=\"async\" aria-describedby=\"caption-attachment-6214\" class=\"wp-image-6214 size-medium\" src=\"https:\/\/www.visionweb.com.ar\/wp-content\/uploads\/2022\/06\/reunion-de-mipymes-en-Malvinas-300x198.png\" alt=\"\" width=\"300\" height=\"198\" srcset=\"https:\/\/www.visionweb.com.ar\/wp-content\/uploads\/2022\/06\/reunion-de-mipymes-en-Malvinas-300x198.png 300w, https:\/\/www.visionweb.com.ar\/wp-content\/uploads\/2022\/06\/reunion-de-mipymes-en-Malvinas.png 689w\" sizes=\"auto, (max-width: 300px) 100vw, 300px\" \/><p id=\"caption-attachment-6214\" class=\"wp-caption-text\"><em><strong>Un aspecto de la reuni\u00f3n que se realiz\u00f3 el jueves \u00faltimo en el municipio de Malvinas Argentinas (Prensa Gobierno PBA)<\/strong> <\/em><\/p><\/div>\n<p><strong>\u00a0 \u00a0 \u00a0 M<\/strong>\u00e1s de cien empresas entre MiPyMEs, cooperativas industriales, comerciales y de servicio participaron de\u00a0 la S\u00e9ptima Ronda de Negocios multisectoriales del a\u00f1o, encuentro que se realiz\u00f3 en el municipio de Malvinas Argentinas.<\/p>\n<p>El objetivo de las rondas de negocios es promover la interacci\u00f3n entre los distintos sectores, propiciando el inicio de contactos comerciales y buscando as\u00ed contribuir a la recuperaci\u00f3n del entramado productivo bonaerense.<\/p>\n<p>Como representantes del Ministerio de Producci\u00f3n, Ciencia e Innovaci\u00f3n Tecnol\u00f3gica participaron la subsecretaria de Industria, Pymes y Cooperativas, Mariela Bembi, y el director provincial de Desarrollo Territorial y Pymes, Ariel Aguilar, quienes fueron recibidos por la intendenta local, Noelia Correa.<\/p>\n<p>\u201cEs muy importante que el sector tenga un conocimiento de las pol\u00edticas que venimos desarrollando desde la Provincia para apoyar la producci\u00f3n, incluyendo a m\u00faltiples organismos del Estado. Una de esas herramientas que le permiten al entramado productivo relacionarse entre s\u00ed, interactuar y abrir puertas a nuevos negocios\u201d, se\u00f1al\u00f3 Bembi.<\/p>\n<p>Por su parte, Correa manifest\u00f3: \u201cNos enorgullece poder participar de un encuentro tan importante para el desarrollo productivo de Malvinas Argentinas. Esta es una iniciativa impulsada desde el Ministerio de Producci\u00f3n bonaerense que busca poner en agenda y en debate la actualizaci\u00f3n de los programas vigentes del sector industrial y su potencial fortalecimiento\u201d.<\/p>\n<p>Las rondas de negocios son una herramienta de la Provincia para incentivar la actividad empresaria y, a trav\u00e9s de ellas, se conforma una base de datos con todas las empresas participantes y sus necesidades de insumos, materias primas, productos y servicios, as\u00ed como tambi\u00e9n su oferta. Esa base se comparte con todas las empresas participantes para que seleccionen con qui\u00e9nes les interesar\u00eda entrevistarse.<\/p>\n<p>La ronda de negocios de Malvinas Argentinas fue declarada de inter\u00e9s municipal por el Honorable Concejo Deliberante de dicha localidad<strong>(vw)<\/strong>.<\/p>\n","protected":false},"excerpt":{"rendered":"<p>La iniciativa est\u00e1 dirigida a MiPyMEs industriales y comerciales, cooperativas y grandes empresas, con el fin de promover la interacci\u00f3n y acelerar la recuperaci\u00f3n productiva bonaerense.<\/p>\n","protected":false},"author":3,"featured_media":6214,"comment_status":"closed","ping_status":"closed","sticky":false,"template":"","format":"standard","meta":{"_monsterinsights_skip_tracking":false,"_monsterinsights_sitenote_active":false,"_monsterinsights_sitenote_note":"","_monsterinsights_sitenote_category":0,"footnotes":""},"categories":[1],"tags":[],"class_list":["post-6210","post","type-post","status-publish","format-standard","has-post-thumbnail","hentry","category-uncategorized"],"_links":{"self":[{"href":"https:\/\/www.visionweb.com.ar\/index.php?rest_route=\/wp\/v2\/posts\/6210","targetHints":{"allow":["GET"]}}],"collection":[{"href":"https:\/\/www.visionweb.com.ar\/index.php?rest_route=\/wp\/v2\/posts"}],"about":[{"href":"https:\/\/www.visionweb.com.ar\/index.php?rest_route=\/wp\/v2\/types\/post"}],"author":[{"embeddable":true,"href":"https:\/\/www.visionweb.com.ar\/index.php?rest_route=\/wp\/v2\/users\/3"}],"replies":[{"embeddable":true,"href":"https:\/\/www.visionweb.com.ar\/index.php?rest_route=%2Fwp%2Fv2%2Fcomments&post=6210"}],"version-history":[{"count":1,"href":"https:\/\/www.visionweb.com.ar\/index.php?rest_route=\/wp\/v2\/posts\/6210\/revisions"}],"predecessor-version":[{"id":6215,"href":"https:\/\/www.visionweb.com.ar\/index.php?rest_route=\/wp\/v2\/posts\/6210\/revisions\/6215"}],"wp:featuredmedia":[{"embeddable":true,"href":"https:\/\/www.visionweb.com.ar\/index.php?rest_route=\/wp\/v2\/media\/6214"}],"wp:attachment":[{"href":"https:\/\/www.visionweb.com.ar\/index.php?rest_route=%2Fwp%2Fv2%2Fmedia&parent=6210"}],"wp:term":[{"taxonomy":"category","embeddable":true,"href":"https:\/\/www.visionweb.com.ar\/index.php?rest_route=%2Fwp%2Fv2%2Fcategories&post=6210"},{"taxonomy":"post_tag","embeddable":true,"href":"https:\/\/www.visionweb.com.ar\/index.php?rest_route=%2Fwp%2Fv2%2Ftags&post=6210"}],"curies":[{"name":"wp","href":"https:\/\/api.w.org\/{rel}","templated":true}]}}