{"id":6194,"date":"2022-06-24T11:01:17","date_gmt":"2022-06-24T14:01:17","guid":{"rendered":"https:\/\/www.visionweb.com.ar\/?p=6194"},"modified":"2022-06-24T11:01:17","modified_gmt":"2022-06-24T14:01:17","slug":"viajes-de-egresados-gratuitos-abrio-la-segunda-edicion-en-la-provincia","status":"publish","type":"post","link":"https:\/\/www.visionweb.com.ar\/?p=6194","title":{"rendered":"Viajes de egresados gratuitos: Abri\u00f3 la segunda edici\u00f3n en la Provincia"},"content":{"rendered":"<p><em><strong>Ya se encuentra abierta la preinscripci\u00f3n a los viajes de egresados gratuitos para estudiantes que est\u00e9n cursando el \u00faltimo a\u00f1o del secundario.<\/strong><\/em><!--more--><\/p>\n<p><strong><img loading=\"lazy\" decoding=\"async\" class=\"size-full wp-image-6196 aligncenter\" src=\"https:\/\/www.visionweb.com.ar\/wp-content\/uploads\/2022\/06\/tandel-viajes.bmp\" alt=\"\" width=\"500\" height=\"418\" \/>E<\/strong>l Gobierno de la provincia de Buenos Aires lanz\u00f3 la segunda edici\u00f3n del programa \u00abViajes de Fin de Curso en la Provincia\u00bb, dirigida a m\u00e1s de 220.000 j\u00f3venes bonaerenses, y ya se encuentra abierta la preinscripci\u00f3n para estos viajes de egresados gratuitos que ser\u00e1n entre el 15 de septiembre y el 30 de noviembre.<\/p>\n<p>Desde el Ministerio de Producci\u00f3n, Ciencia e Innovaci\u00f3n Tecnol\u00f3gica de la Provincia, \u00a0explicaron recientemente en un comunicado, que: \u201cLos viajes son financiados por el Estado provincial y forman parte de una pol\u00edtica para igualar oportunidades e incentivas la actividad tur\u00edstica\u201d.<\/p>\n<p>Esta segunda edici\u00f3n est\u00e1 dirigida a estudiantes que est\u00e9n cursando el \u00faltimo a\u00f1o del secundario As\u00ed, alumnos y alumnas de escuelas bonaerenses que actualmente est\u00e9n cursando 6\u00b0 a\u00f1o en secundarios orientados y art\u00edsticos, o 7\u00b0 a\u00f1o en escuelas t\u00e9cnico-profesionales, pueden realizar sus inscripciones.<\/p>\n<p>En principio, se abri\u00f3 la preinscripci\u00f3n a los viajes gratuitos de la Provincia. Los y las estudiantes ya pueden preinscribirse en la web <a href=\"https:\/\/viajefindecurso.gba.gob.ar\/inscripcion.php\">viajefindecurso.gba.gob.ar<\/a>\u00a0con las siguientes condiciones:<\/p>\n<p>-Para los nacidos despu\u00e9s del 15\/08\/2004 es necesario que un adulto responsable autorice con su DNI la inscripci\u00f3n.<\/p>\n<p>-Deben ser al menos 10 compa\u00f1eros de escuela.<\/p>\n<p>-Cada estudiante debe completar su inscripci\u00f3n.<\/p>\n<p>Luego de completar el formulario que se encuentra en el lado derecho de la\u00a0<a href=\"https:\/\/viajefindecurso.gba.gob.ar\/inscripcion.php\">p\u00e1gina oficial<\/a>, deber\u00e1n completar la inscripci\u00f3n expresando sus destinos y fechas de preferencia entre las opciones disponibles.<\/p>\n<p>A la vez, el Gobierno bonaerense, inform\u00f3 que esta segunda edici\u00f3n de los viajes gratuitos para egresados, se desarrollar\u00e1 en esta\u00a0 primavera y ser\u00e1 en las diferentes localidades tur\u00edsticas bonaerenses, en playas, sierras, lagunas o r\u00edos. Los viajes ser\u00e1n de 4 d\u00edas y 3 noches, con todo incluido (alojamiento, comidas, transporte y excursiones).<\/p>\n<p>La primera edici\u00f3n de Viajes de Fin de Curso en la Provincia, orientada a j\u00f3venes que terminaron la escuela secundaria en 2021, cont\u00f3 con 40.000 inscriptos.<\/p>\n<p>En ese sentido, el ministro de la cartera bonaerense, Augusto Costa manifest\u00f3: \u00abGracias a esta pol\u00edtica le estamos dando la posibilidad a miles de pibas y pibes, que por cuestiones econ\u00f3micas no lo pueden realizar, de llevar adelante su viajes de fin de curso y en muchas ocasiones de conocer por primera vez distintas localidades de la Provincia\u00bb.<\/p>\n<p>\u00abEs una pol\u00edtica redonda: garantiza derechos, genera trabajo e ingresos y permite extender la temporada tur\u00edstica\u201d, detall\u00f3 Costa.\u00a0<strong>(VW)<\/strong><\/p>\n","protected":false},"excerpt":{"rendered":"<p>Ya se encuentra abierta la preinscripci\u00f3n a los viajes de egresados gratuitos para estudiantes que est\u00e9n cursando el \u00faltimo a\u00f1o del secundario.<\/p>\n","protected":false},"author":4,"featured_media":6196,"comment_status":"closed","ping_status":"closed","sticky":false,"template":"","format":"standard","meta":{"_monsterinsights_skip_tracking":false,"_monsterinsights_sitenote_active":false,"_monsterinsights_sitenote_note":"","_monsterinsights_sitenote_category":0,"footnotes":""},"categories":[4,5,700],"tags":[227,356,2532],"class_list":["post-6194","post","type-post","status-publish","format-standard","has-post-thumbnail","hentry","category-politica","category-sociedad","category-turismo","tag-costa","tag-provincia","tag-viajes-de-egresados-gratuitos"],"_links":{"self":[{"href":"https:\/\/www.visionweb.com.ar\/index.php?rest_route=\/wp\/v2\/posts\/6194","targetHints":{"allow":["GET"]}}],"collection":[{"href":"https:\/\/www.visionweb.com.ar\/index.php?rest_route=\/wp\/v2\/posts"}],"about":[{"href":"https:\/\/www.visionweb.com.ar\/index.php?rest_route=\/wp\/v2\/types\/post"}],"author":[{"embeddable":true,"href":"https:\/\/www.visionweb.com.ar\/index.php?rest_route=\/wp\/v2\/users\/4"}],"replies":[{"embeddable":true,"href":"https:\/\/www.visionweb.com.ar\/index.php?rest_route=%2Fwp%2Fv2%2Fcomments&post=6194"}],"version-history":[{"count":2,"href":"https:\/\/www.visionweb.com.ar\/index.php?rest_route=\/wp\/v2\/posts\/6194\/revisions"}],"predecessor-version":[{"id":6197,"href":"https:\/\/www.visionweb.com.ar\/index.php?rest_route=\/wp\/v2\/posts\/6194\/revisions\/6197"}],"wp:featuredmedia":[{"embeddable":true,"href":"https:\/\/www.visionweb.com.ar\/index.php?rest_route=\/wp\/v2\/media\/6196"}],"wp:attachment":[{"href":"https:\/\/www.visionweb.com.ar\/index.php?rest_route=%2Fwp%2Fv2%2Fmedia&parent=6194"}],"wp:term":[{"taxonomy":"category","embeddable":true,"href":"https:\/\/www.visionweb.com.ar\/index.php?rest_route=%2Fwp%2Fv2%2Fcategories&post=6194"},{"taxonomy":"post_tag","embeddable":true,"href":"https:\/\/www.visionweb.com.ar\/index.php?rest_route=%2Fwp%2Fv2%2Ftags&post=6194"}],"curies":[{"name":"wp","href":"https:\/\/api.w.org\/{rel}","templated":true}]}}